{"id":6589,"date":"2026-01-07T09:28:57","date_gmt":"2026-01-07T12:28:57","guid":{"rendered":"https:\/\/diarioelfederaense.com.ar\/?p=6589"},"modified":"2026-01-07T09:28:58","modified_gmt":"2026-01-07T12:28:58","slug":"fiesta-nacional-del-lago-pautas-de-ingreso-y-normas-para-el-publico-en-federacion","status":"publish","type":"post","link":"https:\/\/diarioelfederaense.com.ar\/?p=6589","title":{"rendered":"FIESTA NACIONAL DEL LAGO: PAUTAS DE INGRESO Y NORMAS PARA EL P\u00daBLICO EN FEDERACI\u00d3N"},"content":{"rendered":"\n<p><a><\/a>De cara a la 42\u00aa edici\u00f3n de la Fiesta Nacional del Lago, que se desarrollar\u00e1 del 8 al 11 de enero en Federaci\u00f3n, la organizaci\u00f3n dio a conocer a Informe Ciudadano una serie de disposiciones importantes vinculadas al ingreso y la permanencia del p\u00fablico.<\/p>\n\n\n\n<p>Las personas que cuenten con Certificado \u00danico de Discapacidad (C.U.D.) tendr\u00e1n prioridad de ingreso, el cual ser\u00e1 por orden de llegada desde la apertura de puertas y hasta completar el aforo, con carril exclusivo.<\/p>\n\n\n\n<p>En cuanto a los sillones, se permitir\u00e1 su ingreso desde el d\u00eda mi\u00e9rcoles, debiendo retirarse el s\u00e1bado al finalizar la \u00faltima jornada.<\/p>\n\n\n\n<p>Respecto a los menores, se inform\u00f3 que ni\u00f1os y ni\u00f1as de hasta 10 a\u00f1os deber\u00e1n abonar un seguro obligatorio de $3.000 por persona.<\/p>\n\n\n\n<p>Asimismo, se record\u00f3 que estar\u00e1 prohibido el ingreso al predio con elementos contundentes, mascotas, conservadoras, as\u00ed como comidas y bebidas, con el objetivo de reforzar la seguridad del evento.<\/p>\n","protected":false},"excerpt":{"rendered":"<p>De cara a la 42\u00aa edici\u00f3n de la Fiesta Nacional del Lago, que se desarrollar\u00e1 del 8 al 11 de enero en Federaci\u00f3n, la organizaci\u00f3n dio a conocer a Informe Ciudadano una serie de disposiciones importantes vinculadas al ingreso y la permanencia del p\u00fablico. Las personas que cuenten con Certificado \u00danico de Discapacidad (C.U.D.) tendr\u00e1n [&hellip;]<\/p>\n","protected":false},"author":2,"featured_media":6590,"comment_status":"closed","ping_status":"closed","sticky":false,"template":"","format":"standard","meta":{"_et_pb_use_builder":"","_et_pb_old_content":"","footnotes":""},"categories":[1],"tags":[],"class_list":["post-6589","post","type-post","status-publish","format-standard","has-post-thumbnail","hentry","category-sin-categoria"],"_links":{"self":[{"href":"https:\/\/diarioelfederaense.com.ar\/index.php?rest_route=\/wp\/v2\/posts\/6589"}],"collection":[{"href":"https:\/\/diarioelfederaense.com.ar\/index.php?rest_route=\/wp\/v2\/posts"}],"about":[{"href":"https:\/\/diarioelfederaense.com.ar\/index.php?rest_route=\/wp\/v2\/types\/post"}],"author":[{"embeddable":true,"href":"https:\/\/diarioelfederaense.com.ar\/index.php?rest_route=\/wp\/v2\/users\/2"}],"replies":[{"embeddable":true,"href":"https:\/\/diarioelfederaense.com.ar\/index.php?rest_route=%2Fwp%2Fv2%2Fcomments&post=6589"}],"version-history":[{"count":1,"href":"https:\/\/diarioelfederaense.com.ar\/index.php?rest_route=\/wp\/v2\/posts\/6589\/revisions"}],"predecessor-version":[{"id":6591,"href":"https:\/\/diarioelfederaense.com.ar\/index.php?rest_route=\/wp\/v2\/posts\/6589\/revisions\/6591"}],"wp:featuredmedia":[{"embeddable":true,"href":"https:\/\/diarioelfederaense.com.ar\/index.php?rest_route=\/wp\/v2\/media\/6590"}],"wp:attachment":[{"href":"https:\/\/diarioelfederaense.com.ar\/index.php?rest_route=%2Fwp%2Fv2%2Fmedia&parent=6589"}],"wp:term":[{"taxonomy":"category","embeddable":true,"href":"https:\/\/diarioelfederaense.com.ar\/index.php?rest_route=%2Fwp%2Fv2%2Fcategories&post=6589"},{"taxonomy":"post_tag","embeddable":true,"href":"https:\/\/diarioelfederaense.com.ar\/index.php?rest_route=%2Fwp%2Fv2%2Ftags&post=6589"}],"curies":[{"name":"wp","href":"https:\/\/api.w.org\/{rel}","templated":true}]}}