{"id":6577,"date":"2026-01-06T13:32:38","date_gmt":"2026-01-06T16:32:38","guid":{"rendered":"https:\/\/diarioelfederaense.com.ar\/?p=6577"},"modified":"2026-01-06T13:32:38","modified_gmt":"2026-01-06T16:32:38","slug":"dolor-por-la-tragedia-en-chajari-piden-ayuda-para-trasladar-a-los-fallecidos-y-cadena-de-oracion-por-la-sobreviviente","status":"publish","type":"post","link":"https:\/\/diarioelfederaense.com.ar\/?p=6577","title":{"rendered":"Dolor por la tragedia en Chajar\u00ed: piden ayuda para trasladar a los fallecidos y cadena de oraci\u00f3n por la sobreviviente"},"content":{"rendered":"\n<p><a><\/a>La comunidad de General Roca est\u00e1 de luto por la tr\u00e1gica p\u00e9rdida de 4 miembros de la familia Mart\u00ednez en Chajar\u00ed. La ciudad pide solidaridad para el traslado de los cuerpos y la recuperaci\u00f3n de Astrid, la sobreviviente.<\/p>\n\n\n\n<p>Tragedia en Chajar\u00ed. La ciudad de General Roca, en la provincia de R\u00edo Negro, se vio conmovida este lunes por la tr\u00e1gica noticia del fallecimiento de cuatro habitantes de la localidad, que fueron v\u00edctimas de un accidente en Chajar\u00ed, Entre R\u00edos. La familia Mart\u00ednez, que estaba conformada por Omaira Ruth Mart\u00ednez, su hermana Gabriela Liz Mart\u00ednez, su madre Nora del Carmen Techeira, y la sobreviviente Astrid Raquel Mart\u00ednez, ha dejado un vac\u00edo profundo en la comunidad.<\/p>\n\n\n\n<p>A pesar de las vacaciones y el receso escolar, la Escuela Secundaria R\u00edo Negro N\u00b0 1, a la que asist\u00edan las hermanas fallecidas, expres\u00f3 su dolor mediante un emotivo mensaje. En su comunicado, el establecimiento record\u00f3 y despidi\u00f3 a las j\u00f3venes y su madre, elevando una oraci\u00f3n por la pronta recuperaci\u00f3n de Astrid, quien sigue luchando por su vida. \u201cNo existen palabras que alcancen para expresar la tristeza que nos embarga ante la p\u00e9rdida de una joven llena de vida y de su familia. Como instituci\u00f3n que las vio crecer y comparti\u00f3 su d\u00eda a d\u00eda, nos unimos en un abrazo fraterno a sus seres queridos\u201d, se\u00f1alaron en el escrito oficial.<\/p>\n\n\n\n<p>elonce.<\/p>\n","protected":false},"excerpt":{"rendered":"<p>La comunidad de General Roca est\u00e1 de luto por la tr\u00e1gica p\u00e9rdida de 4 miembros de la familia Mart\u00ednez en Chajar\u00ed. La ciudad pide solidaridad para el traslado de los cuerpos y la recuperaci\u00f3n de Astrid, la sobreviviente. Tragedia en Chajar\u00ed. La ciudad de General Roca, en la provincia de R\u00edo Negro, se vio conmovida [&hellip;]<\/p>\n","protected":false},"author":2,"featured_media":6578,"comment_status":"closed","ping_status":"closed","sticky":false,"template":"","format":"standard","meta":{"_et_pb_use_builder":"","_et_pb_old_content":"","footnotes":""},"categories":[1],"tags":[],"class_list":["post-6577","post","type-post","status-publish","format-standard","has-post-thumbnail","hentry","category-sin-categoria"],"_links":{"self":[{"href":"https:\/\/diarioelfederaense.com.ar\/index.php?rest_route=\/wp\/v2\/posts\/6577"}],"collection":[{"href":"https:\/\/diarioelfederaense.com.ar\/index.php?rest_route=\/wp\/v2\/posts"}],"about":[{"href":"https:\/\/diarioelfederaense.com.ar\/index.php?rest_route=\/wp\/v2\/types\/post"}],"author":[{"embeddable":true,"href":"https:\/\/diarioelfederaense.com.ar\/index.php?rest_route=\/wp\/v2\/users\/2"}],"replies":[{"embeddable":true,"href":"https:\/\/diarioelfederaense.com.ar\/index.php?rest_route=%2Fwp%2Fv2%2Fcomments&post=6577"}],"version-history":[{"count":1,"href":"https:\/\/diarioelfederaense.com.ar\/index.php?rest_route=\/wp\/v2\/posts\/6577\/revisions"}],"predecessor-version":[{"id":6579,"href":"https:\/\/diarioelfederaense.com.ar\/index.php?rest_route=\/wp\/v2\/posts\/6577\/revisions\/6579"}],"wp:featuredmedia":[{"embeddable":true,"href":"https:\/\/diarioelfederaense.com.ar\/index.php?rest_route=\/wp\/v2\/media\/6578"}],"wp:attachment":[{"href":"https:\/\/diarioelfederaense.com.ar\/index.php?rest_route=%2Fwp%2Fv2%2Fmedia&parent=6577"}],"wp:term":[{"taxonomy":"category","embeddable":true,"href":"https:\/\/diarioelfederaense.com.ar\/index.php?rest_route=%2Fwp%2Fv2%2Fcategories&post=6577"},{"taxonomy":"post_tag","embeddable":true,"href":"https:\/\/diarioelfederaense.com.ar\/index.php?rest_route=%2Fwp%2Fv2%2Ftags&post=6577"}],"curies":[{"name":"wp","href":"https:\/\/api.w.org\/{rel}","templated":true}]}}