{"id":6574,"date":"2026-01-05T14:38:35","date_gmt":"2026-01-05T17:38:35","guid":{"rendered":"https:\/\/diarioelfederaense.com.ar\/?p=6574"},"modified":"2026-01-05T14:38:36","modified_gmt":"2026-01-05T17:38:36","slug":"cada-5-de-enero-se-conmemora-el-dia-de-la-bandera-de-entre-rios-en-recuerdo-de-la-ensena-creada-por-jose-gervasio-artigas-en-1815-en-el-marco-de-la-liga-de-los-pueblos-libres","status":"publish","type":"post","link":"https:\/\/diarioelfederaense.com.ar\/?p=6574","title":{"rendered":"Cada 5 de enero se conmemora el D\u00eda de la Bandera de Entre R\u00edos, en recuerdo de la ense\u00f1a creada por Jos\u00e9 Gervasio Artigas en 1815, en el marco de la Liga de los Pueblos Libres."},"content":{"rendered":"\n<p>La bandera entrerriana toma como base la celeste y blanca, atravesada por una franja roja que simboliza el federalismo y la lucha por la autonom\u00eda de las provincias frente al poder central. Su dise\u00f1o refleja los ideales pol\u00edticos y sociales que marcaron los or\u00edgenes de la regi\u00f3n.<\/p>\n\n\n\n<p>Este emblema fue adoptado oficialmente por la provincia como s\u00edmbolo de identidad hist\u00f3rica, representando los valores, las luchas y el legado federal que forman parte de la historia entrerriana.<\/p>\n","protected":false},"excerpt":{"rendered":"<p>La bandera entrerriana toma como base la celeste y blanca, atravesada por una franja roja que simboliza el federalismo y la lucha por la autonom\u00eda de las provincias frente al poder central. Su dise\u00f1o refleja los ideales pol\u00edticos y sociales que marcaron los or\u00edgenes de la regi\u00f3n. Este emblema fue adoptado oficialmente por la provincia [&hellip;]<\/p>\n","protected":false},"author":2,"featured_media":6575,"comment_status":"closed","ping_status":"closed","sticky":false,"template":"","format":"standard","meta":{"_et_pb_use_builder":"","_et_pb_old_content":"","footnotes":""},"categories":[1],"tags":[],"class_list":["post-6574","post","type-post","status-publish","format-standard","has-post-thumbnail","hentry","category-sin-categoria"],"_links":{"self":[{"href":"https:\/\/diarioelfederaense.com.ar\/index.php?rest_route=\/wp\/v2\/posts\/6574"}],"collection":[{"href":"https:\/\/diarioelfederaense.com.ar\/index.php?rest_route=\/wp\/v2\/posts"}],"about":[{"href":"https:\/\/diarioelfederaense.com.ar\/index.php?rest_route=\/wp\/v2\/types\/post"}],"author":[{"embeddable":true,"href":"https:\/\/diarioelfederaense.com.ar\/index.php?rest_route=\/wp\/v2\/users\/2"}],"replies":[{"embeddable":true,"href":"https:\/\/diarioelfederaense.com.ar\/index.php?rest_route=%2Fwp%2Fv2%2Fcomments&post=6574"}],"version-history":[{"count":1,"href":"https:\/\/diarioelfederaense.com.ar\/index.php?rest_route=\/wp\/v2\/posts\/6574\/revisions"}],"predecessor-version":[{"id":6576,"href":"https:\/\/diarioelfederaense.com.ar\/index.php?rest_route=\/wp\/v2\/posts\/6574\/revisions\/6576"}],"wp:featuredmedia":[{"embeddable":true,"href":"https:\/\/diarioelfederaense.com.ar\/index.php?rest_route=\/wp\/v2\/media\/6575"}],"wp:attachment":[{"href":"https:\/\/diarioelfederaense.com.ar\/index.php?rest_route=%2Fwp%2Fv2%2Fmedia&parent=6574"}],"wp:term":[{"taxonomy":"category","embeddable":true,"href":"https:\/\/diarioelfederaense.com.ar\/index.php?rest_route=%2Fwp%2Fv2%2Fcategories&post=6574"},{"taxonomy":"post_tag","embeddable":true,"href":"https:\/\/diarioelfederaense.com.ar\/index.php?rest_route=%2Fwp%2Fv2%2Ftags&post=6574"}],"curies":[{"name":"wp","href":"https:\/\/api.w.org\/{rel}","templated":true}]}}