{"id":6571,"date":"2026-01-05T12:08:21","date_gmt":"2026-01-05T15:08:21","guid":{"rendered":"https:\/\/diarioelfederaense.com.ar\/?p=6571"},"modified":"2026-01-05T12:08:22","modified_gmt":"2026-01-05T15:08:22","slug":"se-realizo-en-federacion-el-acto-de-jura-y-asuncion-de-nuevos-secretarios-del-gabinete-municipal","status":"publish","type":"post","link":"https:\/\/diarioelfederaense.com.ar\/?p=6571","title":{"rendered":"Se realiz\u00f3 en Federaci\u00f3n el Acto de Jura y Asunci\u00f3n de nuevos Secretarios del Gabinete Municipal"},"content":{"rendered":"\n<p><a><\/a>El Presidente Municipal de la ciudad de Federaci\u00f3n Ricardo Bravo, en la jornada de este lunes, en el Municipio, encabez\u00f3 el Acto de Jura y Asunci\u00f3n de los nuevos Secretarios que integrar\u00e1n su Gabinete. Participaron del acto, la Vice Intendente Silvana Monz\u00f3n, los integrantes del Gabinete Municipal, Concejales y familiares de los nuevos Secretarios.<\/p>\n\n\n\n<p>.<\/p>\n\n\n\n<p>Los Funcionarios que ingresan al Gabinete Municipal son los siguientes: Alejandra Di Gresia Secretaria de Gobierno y Hacienda, Carlos Bachmann Secretario de Obras y Servicios P\u00fablicos y Oscar Gonz\u00e1lez Secretario de Desarrollo Humano y Salud.<\/p>\n\n\n\n<p>El Intendente Bravo en el Acto expres\u00f3: \u00abHoy se realiza el Acto de Asunci\u00f3n de tres funcionarios, que van a tomar la responsabilidad de poder llevar adelante las distintas tareas que le tocan y trabajar en base a los objetivos que nos hemos propuestos y no hemos planteado, siempre pensando en el beneficio en general de la comunidad\u00bb.<\/p>\n\n\n\n<p>\u00abEstos son momentos en los que me toca la responsabilidad de tomar decisiones y en las distintas gestiones cuando hay cuestiones que no son favorables a la gesti\u00f3n y la comunidad, no hay que perder el tiempo y tomar las decisiones que hay que tomar para poder encauzar algunas cuestiones\u00bb.<\/p>\n\n\n\n<p>\u00abQuiero en primer lugar agradecer a los funcionarios que han llevado adelante la tarea hasta hace unos d\u00edas atr\u00e1s y lo han hecho con un esfuerzo tremendo, con un compromiso enorme y en el transitar de estos dos a\u00f1os, sumado a la situaci\u00f3n y un mont\u00f3n de otras cuestiones, es indudable que hay un desgaste y uno se atomiza y esa es la decisi\u00f3n que he tomado, que lo ven\u00eda trabajando y estudiando hace varios meses\u00bb.<\/p>\n\n\n\n<p>\u00abNos toca transitar tiempos muy dif\u00edciles, muy complejos en lo econ\u00f3mico y en lo social, por eso estaba la necesidad de poder oxigenar estas secretar\u00edas y de ah\u00ed poder tambi\u00e9n hacer unos cambios para abajo. Eso va a ser un trabajo de cada uno de los funcionarios en evaluar a cada Director en las tareas que vienen llevando y despu\u00e9s tomaremos las decisiones en conjunto\u00bb.<\/p>\n\n\n\n<p>\u00abHay que marcar estrategias para poder llevar adelante la funci\u00f3n, la tarea, el compromiso y las exigencias que tiene esta ciudad\u00bb.<\/p>\n\n\n\n<p>\u00abQuiero desearles a los funcionarios que hoy toman la responsabilidad de conducir cada uno en su lugar, en su Secretar\u00eda, los mejor, que trabajemos a conciencia, que trabajemos pensando que delante nuestro hay una comunidad que espera lo mejor de nosotros, as\u00ed que muchos \u00e9xitos para todos\u00bb.<\/p>\n","protected":false},"excerpt":{"rendered":"<p>El Presidente Municipal de la ciudad de Federaci\u00f3n Ricardo Bravo, en la jornada de este lunes, en el Municipio, encabez\u00f3 el Acto de Jura y Asunci\u00f3n de los nuevos Secretarios que integrar\u00e1n su Gabinete. Participaron del acto, la Vice Intendente Silvana Monz\u00f3n, los integrantes del Gabinete Municipal, Concejales y familiares de los nuevos Secretarios. . [&hellip;]<\/p>\n","protected":false},"author":2,"featured_media":6572,"comment_status":"closed","ping_status":"closed","sticky":false,"template":"","format":"standard","meta":{"_et_pb_use_builder":"","_et_pb_old_content":"","footnotes":""},"categories":[1],"tags":[],"class_list":["post-6571","post","type-post","status-publish","format-standard","has-post-thumbnail","hentry","category-sin-categoria"],"_links":{"self":[{"href":"https:\/\/diarioelfederaense.com.ar\/index.php?rest_route=\/wp\/v2\/posts\/6571"}],"collection":[{"href":"https:\/\/diarioelfederaense.com.ar\/index.php?rest_route=\/wp\/v2\/posts"}],"about":[{"href":"https:\/\/diarioelfederaense.com.ar\/index.php?rest_route=\/wp\/v2\/types\/post"}],"author":[{"embeddable":true,"href":"https:\/\/diarioelfederaense.com.ar\/index.php?rest_route=\/wp\/v2\/users\/2"}],"replies":[{"embeddable":true,"href":"https:\/\/diarioelfederaense.com.ar\/index.php?rest_route=%2Fwp%2Fv2%2Fcomments&post=6571"}],"version-history":[{"count":1,"href":"https:\/\/diarioelfederaense.com.ar\/index.php?rest_route=\/wp\/v2\/posts\/6571\/revisions"}],"predecessor-version":[{"id":6573,"href":"https:\/\/diarioelfederaense.com.ar\/index.php?rest_route=\/wp\/v2\/posts\/6571\/revisions\/6573"}],"wp:featuredmedia":[{"embeddable":true,"href":"https:\/\/diarioelfederaense.com.ar\/index.php?rest_route=\/wp\/v2\/media\/6572"}],"wp:attachment":[{"href":"https:\/\/diarioelfederaense.com.ar\/index.php?rest_route=%2Fwp%2Fv2%2Fmedia&parent=6571"}],"wp:term":[{"taxonomy":"category","embeddable":true,"href":"https:\/\/diarioelfederaense.com.ar\/index.php?rest_route=%2Fwp%2Fv2%2Fcategories&post=6571"},{"taxonomy":"post_tag","embeddable":true,"href":"https:\/\/diarioelfederaense.com.ar\/index.php?rest_route=%2Fwp%2Fv2%2Ftags&post=6571"}],"curies":[{"name":"wp","href":"https:\/\/api.w.org\/{rel}","templated":true}]}}