{"id":6567,"date":"2026-01-04T23:00:56","date_gmt":"2026-01-05T02:00:56","guid":{"rendered":"https:\/\/diarioelfederaense.com.ar\/?p=6567"},"modified":"2026-01-04T23:00:57","modified_gmt":"2026-01-05T02:00:57","slug":"queja-totalmente-fundamentada","status":"publish","type":"post","link":"https:\/\/diarioelfederaense.com.ar\/?p=6567","title":{"rendered":"QUEJA TOTALMENTE FUNDAMENTADA"},"content":{"rendered":"\n<p>A <a><\/a>quien corresponda del Diario El Federaense:<\/p>\n\n\n\n<p>Me comunico para expresar una queja y solicitar la difusi\u00f3n de una situaci\u00f3n que se repite a diario y resulta verdaderamente preocupante.<\/p>\n\n\n\n<p>En la calle Paran\u00e1 de la ciudad de Federaci\u00f3n, una zona muy transitada tanto por vecinos como por turistas, se observa constantemente c\u00f3mo motos y autos estacionan sobre la vereda, cortando por completo el paso peatonal. Esta situaci\u00f3n obliga a las personas a bajar a la calle para poder circular, con el riesgo que ello implica.<\/p>\n\n\n\n<p>Pero lo m\u00e1s grave es que muchas motos utilizan directamente la vereda como v\u00eda de circulaci\u00f3n, pasando a alta velocidad y sin ning\u00fan tipo de precauci\u00f3n, aun sabiendo que pueden salir ni\u00f1os de las viviendas o cruzar personas mayores, familias y peatones en general. Esto representa un peligro constante y una falta total de respeto por las normas b\u00e1sicas de convivencia y seguridad vial.<\/p>\n\n\n\n<p>Considero que esta situaci\u00f3n es una verdadera verg\u00fcenza para una ciudad tur\u00edstica como Federaci\u00f3n y merece ser visibilizada para que las autoridades correspondientes tomen medidas urgentes antes de que ocurra un accidente grave.<\/p>\n\n\n\n<p>Adjunto fotos que reflejan claramente lo descripto y agradezco desde ya el espacio para dar a conocer este reclamo, que no es solo personal sino de muchos vecinos.<\/p>\n\n\n\n<p>Atentamente,<\/p>\n\n\n\n<p>Vecinos de Federaci\u00f3n<\/p>\n","protected":false},"excerpt":{"rendered":"<p>A quien corresponda del Diario El Federaense: Me comunico para expresar una queja y solicitar la difusi\u00f3n de una situaci\u00f3n que se repite a diario y resulta verdaderamente preocupante. En la calle Paran\u00e1 de la ciudad de Federaci\u00f3n, una zona muy transitada tanto por vecinos como por turistas, se observa constantemente c\u00f3mo motos y autos [&hellip;]<\/p>\n","protected":false},"author":2,"featured_media":6568,"comment_status":"closed","ping_status":"closed","sticky":false,"template":"","format":"standard","meta":{"_et_pb_use_builder":"","_et_pb_old_content":"","footnotes":""},"categories":[1],"tags":[],"class_list":["post-6567","post","type-post","status-publish","format-standard","has-post-thumbnail","hentry","category-sin-categoria"],"_links":{"self":[{"href":"https:\/\/diarioelfederaense.com.ar\/index.php?rest_route=\/wp\/v2\/posts\/6567"}],"collection":[{"href":"https:\/\/diarioelfederaense.com.ar\/index.php?rest_route=\/wp\/v2\/posts"}],"about":[{"href":"https:\/\/diarioelfederaense.com.ar\/index.php?rest_route=\/wp\/v2\/types\/post"}],"author":[{"embeddable":true,"href":"https:\/\/diarioelfederaense.com.ar\/index.php?rest_route=\/wp\/v2\/users\/2"}],"replies":[{"embeddable":true,"href":"https:\/\/diarioelfederaense.com.ar\/index.php?rest_route=%2Fwp%2Fv2%2Fcomments&post=6567"}],"version-history":[{"count":1,"href":"https:\/\/diarioelfederaense.com.ar\/index.php?rest_route=\/wp\/v2\/posts\/6567\/revisions"}],"predecessor-version":[{"id":6569,"href":"https:\/\/diarioelfederaense.com.ar\/index.php?rest_route=\/wp\/v2\/posts\/6567\/revisions\/6569"}],"wp:featuredmedia":[{"embeddable":true,"href":"https:\/\/diarioelfederaense.com.ar\/index.php?rest_route=\/wp\/v2\/media\/6568"}],"wp:attachment":[{"href":"https:\/\/diarioelfederaense.com.ar\/index.php?rest_route=%2Fwp%2Fv2%2Fmedia&parent=6567"}],"wp:term":[{"taxonomy":"category","embeddable":true,"href":"https:\/\/diarioelfederaense.com.ar\/index.php?rest_route=%2Fwp%2Fv2%2Fcategories&post=6567"},{"taxonomy":"post_tag","embeddable":true,"href":"https:\/\/diarioelfederaense.com.ar\/index.php?rest_route=%2Fwp%2Fv2%2Ftags&post=6567"}],"curies":[{"name":"wp","href":"https:\/\/api.w.org\/{rel}","templated":true}]}}