{"id":6564,"date":"2026-01-04T22:44:24","date_gmt":"2026-01-05T01:44:24","guid":{"rendered":"https:\/\/diarioelfederaense.com.ar\/?p=6564"},"modified":"2026-01-04T22:44:24","modified_gmt":"2026-01-05T01:44:24","slug":"ricardo-bravo-renueva-gabinete-este-lunes-asumen-los-nuevos-secretarios","status":"publish","type":"post","link":"https:\/\/diarioelfederaense.com.ar\/?p=6564","title":{"rendered":"RICARDO BRAVO RENUEVA GABINETE, ESTE LUNES ASUMEN LOS NUEVOS SECRETARIOS"},"content":{"rendered":"\n<p><a><\/a>Se fueron Espil y Rollano, y antes lo hab\u00eda hecho Carlos Miller<\/p>\n\n\n\n<p>En el acto que ser\u00e1 a las 9 de la ma\u00f1ana, Alejandra Di Gresia asume la Secretar\u00eda de Gobierno.<\/p>\n\n\n\n<p>Carlos Bachmann ser\u00e1 el secretario de obras p\u00fablicas y \u201cGringo\u201d Gonz\u00e1lez a Desarrollo Social.<\/p>\n","protected":false},"excerpt":{"rendered":"<p>Se fueron Espil y Rollano, y antes lo hab\u00eda hecho Carlos Miller En el acto que ser\u00e1 a las 9 de la ma\u00f1ana, Alejandra Di Gresia asume la Secretar\u00eda de Gobierno. Carlos Bachmann ser\u00e1 el secretario de obras p\u00fablicas y \u201cGringo\u201d Gonz\u00e1lez a Desarrollo Social.<\/p>\n","protected":false},"author":2,"featured_media":6565,"comment_status":"closed","ping_status":"closed","sticky":false,"template":"","format":"standard","meta":{"_et_pb_use_builder":"","_et_pb_old_content":"","footnotes":""},"categories":[1],"tags":[],"class_list":["post-6564","post","type-post","status-publish","format-standard","has-post-thumbnail","hentry","category-sin-categoria"],"_links":{"self":[{"href":"https:\/\/diarioelfederaense.com.ar\/index.php?rest_route=\/wp\/v2\/posts\/6564"}],"collection":[{"href":"https:\/\/diarioelfederaense.com.ar\/index.php?rest_route=\/wp\/v2\/posts"}],"about":[{"href":"https:\/\/diarioelfederaense.com.ar\/index.php?rest_route=\/wp\/v2\/types\/post"}],"author":[{"embeddable":true,"href":"https:\/\/diarioelfederaense.com.ar\/index.php?rest_route=\/wp\/v2\/users\/2"}],"replies":[{"embeddable":true,"href":"https:\/\/diarioelfederaense.com.ar\/index.php?rest_route=%2Fwp%2Fv2%2Fcomments&post=6564"}],"version-history":[{"count":1,"href":"https:\/\/diarioelfederaense.com.ar\/index.php?rest_route=\/wp\/v2\/posts\/6564\/revisions"}],"predecessor-version":[{"id":6566,"href":"https:\/\/diarioelfederaense.com.ar\/index.php?rest_route=\/wp\/v2\/posts\/6564\/revisions\/6566"}],"wp:featuredmedia":[{"embeddable":true,"href":"https:\/\/diarioelfederaense.com.ar\/index.php?rest_route=\/wp\/v2\/media\/6565"}],"wp:attachment":[{"href":"https:\/\/diarioelfederaense.com.ar\/index.php?rest_route=%2Fwp%2Fv2%2Fmedia&parent=6564"}],"wp:term":[{"taxonomy":"category","embeddable":true,"href":"https:\/\/diarioelfederaense.com.ar\/index.php?rest_route=%2Fwp%2Fv2%2Fcategories&post=6564"},{"taxonomy":"post_tag","embeddable":true,"href":"https:\/\/diarioelfederaense.com.ar\/index.php?rest_route=%2Fwp%2Fv2%2Ftags&post=6564"}],"curies":[{"name":"wp","href":"https:\/\/api.w.org\/{rel}","templated":true}]}}