{"id":6558,"date":"2026-01-04T22:20:59","date_gmt":"2026-01-05T01:20:59","guid":{"rendered":"https:\/\/diarioelfederaense.com.ar\/?p=6558"},"modified":"2026-01-04T22:20:59","modified_gmt":"2026-01-05T01:20:59","slug":"recta-final-para-la-fiesta-nacional-del-lago-grilla-completa-de-artistas","status":"publish","type":"post","link":"https:\/\/diarioelfederaense.com.ar\/?p=6558","title":{"rendered":"Recta final para la Fiesta Nacional del Lago: grilla completa de artistas"},"content":{"rendered":"\n<p>Federaci\u00f3n ya vive la cuenta regresiva para el inicio de una nueva edici\u00f3n de la Fiesta Nacional del Lago, uno de los eventos m\u00e1s convocantes del calendario tur\u00edstico y cultural de Entre R\u00edos. Este jueves 8 de enero comenzar\u00e1 la 42\u00aa edici\u00f3n de la tradicional celebraci\u00f3n, que se extender\u00e1 hasta el domingo 11, con una nutrida agenda de espect\u00e1culos musicales, actividades recreativas y propuestas deportivas para toda la familia.<\/p>\n\n\n\n<p><\/p>\n\n\n\n<figure class=\"wp-block-image\"><img decoding=\"async\" src=\"https:\/\/7paginas.com.ar\/wp-content\/uploads\/2026\/01\/1-31-916x1024.jpg\" alt=\"\" class=\"wp-image-117621\"\/><\/figure>\n\n\n\n<p>La noche inaugural del jueves 8 tendr\u00e1 car\u00e1cter protocolar y, como es habitual, ser\u00e1 con entrada libre y gratuita. El gran cierre del evento llegar\u00e1 el domingo, cuando suba al escenario del anfiteatro \u201cJuancho Garcilazo\u201d la reconocida banda Ke Personajes, en un show que promete convocar a miles de personas.<\/p>\n\n\n\n<p>La actividad central se desarrollar\u00e1 en el escenario \u201cLuis Vago\u201d, aunque durante los cuatro d\u00edas tambi\u00e9n habr\u00e1 shows en las playas y m\u00faltiples actividades deportivas al aire libre. Desde la Secretar\u00eda de Turismo, principal organizadora del evento, se confirm\u00f3 a 7Paginas la grilla completa de artistas, con la novedad de la incorporaci\u00f3n del grupo Capelina para la noche del jueves.<\/p>\n\n\n\n<p>Grilla art\u00edstica<\/p>\n\n\n\n<p>Jueves 8 (entrada gratuita): Ballet Nehuen, Leandro Oporto, La Sensaci\u00f3n del Momento, Milagro Tropical, Capelina y Pinki \u2013 Un Poco de Ruido.<\/p>\n\n\n\n<figure class=\"wp-block-image\"><a href=\"https:\/\/7paginas.com.ar\/wp-content\/uploads\/2026\/01\/1-32.jpg\"><img decoding=\"async\" src=\"https:\/\/7paginas.com.ar\/wp-content\/uploads\/2026\/01\/1-32.jpg\" alt=\"\"\/><\/a><\/figure>\n\n\n\n<p>Viernes 9: El Ch\u00e1vez, Los Amigos, Festival Nacional del Chamam\u00e9, Maxi Frutos, La Huella, Isond\u00fa, Vikingo Correa y Axel.<\/p>\n\n\n\n<figure class=\"wp-block-image\"><a href=\"https:\/\/7paginas.com.ar\/wp-content\/uploads\/2026\/01\/2-7.jpg\"><img decoding=\"async\" src=\"https:\/\/7paginas.com.ar\/wp-content\/uploads\/2026\/01\/2-7.jpg\" alt=\"\"\/><\/a><\/figure>\n\n\n\n<p>S\u00e1bado 10: La Buena Vibra, Qu\u00e9 Iba a Saber Yo, desfile de Reinas, The Gustom, elecci\u00f3n de la Reina, Parabellum y Damas Gratis.<\/p>\n\n\n\n<figure class=\"wp-block-image\"><a href=\"https:\/\/7paginas.com.ar\/wp-content\/uploads\/2026\/01\/3-6.jpg\"><img decoding=\"async\" src=\"https:\/\/7paginas.com.ar\/wp-content\/uploads\/2026\/01\/3-6.jpg\" alt=\"\"\/><\/a><\/figure>\n\n\n\n<p>Domingo 11: Ah\u00ed Va el Sabor, Puro Descontrol, Alejandro Quintana y el cierre estelar con Ke Personajes.<\/p>\n\n\n\n<figure class=\"wp-block-image\"><a href=\"https:\/\/7paginas.com.ar\/wp-content\/uploads\/2026\/01\/4.jpg\"><img decoding=\"async\" src=\"https:\/\/7paginas.com.ar\/wp-content\/uploads\/2026\/01\/4.jpg\" alt=\"\"\/><\/a><\/figure>\n\n\n\n<p>Propuestas deportivas<\/p>\n\n\n\n<p>En paralelo a los espect\u00e1culos musicales, la Direcci\u00f3n de Deportes de la Municipalidad de Federaci\u00f3n organiz\u00f3 una variada agenda deportiva. Se destacan los torneos de beach v\u00f3ley, que se disputar\u00e1n el s\u00e1bado y domingo en Playa Grande; el beach hockey, del viernes al domingo en el mismo sector; y el tradicional certamen de pesca, que tendr\u00e1 lugar el domingo en el terrapl\u00e9n de la avenida Sixto R\u00edos.<\/p>\n\n\n\n<figure class=\"wp-block-image\"><a href=\"https:\/\/7paginas.com.ar\/wp-content\/uploads\/2026\/01\/5.jpg\"><img decoding=\"async\" src=\"https:\/\/7paginas.com.ar\/wp-content\/uploads\/2026\/01\/5-918x1024.jpg\" alt=\"\"\/><\/a><\/figure>\n\n\n\n<p>Adem\u00e1s, habr\u00e1 pesca infantil el s\u00e1bado en Playa Baly, el cruce del lago con largada el domingo desde ese mismo balneario, un torneo de tenis que se desarrollar\u00e1 de jueves a domingo en el Club Social y competencias de b\u00e1squet 3\u00d73 el s\u00e1bado y domingo en Playa Grande.<\/p>\n\n\n\n<figure class=\"wp-block-image\"><a href=\"https:\/\/7paginas.com.ar\/wp-content\/uploads\/2026\/01\/6.jpg\"><img decoding=\"async\" src=\"https:\/\/7paginas.com.ar\/wp-content\/uploads\/2026\/01\/6-918x1024.jpg\" alt=\"\"\/><\/a><\/figure>\n\n\n\n<p>Con una programaci\u00f3n que combina m\u00fasica, deporte y naturaleza, Federaci\u00f3n se prepara para vivir cuatro jornadas a pleno, consolidando a la Fiesta Nacional del Lago como uno de los grandes atractivos del verano entrerriano.<\/p>\n\n\n\n<p>Redacci\u00f3n de 7Paginas<\/p>\n","protected":false},"excerpt":{"rendered":"<p>Federaci\u00f3n ya vive la cuenta regresiva para el inicio de una nueva edici\u00f3n de la Fiesta Nacional del Lago, uno de los eventos m\u00e1s convocantes del calendario tur\u00edstico y cultural de Entre R\u00edos. Este jueves 8 de enero comenzar\u00e1 la 42\u00aa edici\u00f3n de la tradicional celebraci\u00f3n, que se extender\u00e1 hasta el domingo 11, con una [&hellip;]<\/p>\n","protected":false},"author":2,"featured_media":6559,"comment_status":"closed","ping_status":"closed","sticky":false,"template":"","format":"standard","meta":{"_et_pb_use_builder":"","_et_pb_old_content":"","footnotes":""},"categories":[1],"tags":[],"class_list":["post-6558","post","type-post","status-publish","format-standard","has-post-thumbnail","hentry","category-sin-categoria"],"_links":{"self":[{"href":"https:\/\/diarioelfederaense.com.ar\/index.php?rest_route=\/wp\/v2\/posts\/6558"}],"collection":[{"href":"https:\/\/diarioelfederaense.com.ar\/index.php?rest_route=\/wp\/v2\/posts"}],"about":[{"href":"https:\/\/diarioelfederaense.com.ar\/index.php?rest_route=\/wp\/v2\/types\/post"}],"author":[{"embeddable":true,"href":"https:\/\/diarioelfederaense.com.ar\/index.php?rest_route=\/wp\/v2\/users\/2"}],"replies":[{"embeddable":true,"href":"https:\/\/diarioelfederaense.com.ar\/index.php?rest_route=%2Fwp%2Fv2%2Fcomments&post=6558"}],"version-history":[{"count":1,"href":"https:\/\/diarioelfederaense.com.ar\/index.php?rest_route=\/wp\/v2\/posts\/6558\/revisions"}],"predecessor-version":[{"id":6560,"href":"https:\/\/diarioelfederaense.com.ar\/index.php?rest_route=\/wp\/v2\/posts\/6558\/revisions\/6560"}],"wp:featuredmedia":[{"embeddable":true,"href":"https:\/\/diarioelfederaense.com.ar\/index.php?rest_route=\/wp\/v2\/media\/6559"}],"wp:attachment":[{"href":"https:\/\/diarioelfederaense.com.ar\/index.php?rest_route=%2Fwp%2Fv2%2Fmedia&parent=6558"}],"wp:term":[{"taxonomy":"category","embeddable":true,"href":"https:\/\/diarioelfederaense.com.ar\/index.php?rest_route=%2Fwp%2Fv2%2Fcategories&post=6558"},{"taxonomy":"post_tag","embeddable":true,"href":"https:\/\/diarioelfederaense.com.ar\/index.php?rest_route=%2Fwp%2Fv2%2Ftags&post=6558"}],"curies":[{"name":"wp","href":"https:\/\/api.w.org\/{rel}","templated":true}]}}