{"id":6555,"date":"2025-12-29T20:24:40","date_gmt":"2025-12-29T23:24:40","guid":{"rendered":"https:\/\/diarioelfederaense.com.ar\/?p=6555"},"modified":"2025-12-29T20:24:41","modified_gmt":"2025-12-29T23:24:41","slug":"trabajo-articulado-de-cafesg","status":"publish","type":"post","link":"https:\/\/diarioelfederaense.com.ar\/?p=6555","title":{"rendered":"Trabajo articulado de CAFESG"},"content":{"rendered":"\n<p>El <a><\/a>presidente de CAFESG, Carlos Cecco, y el vocal Mart\u00edn Dri, mantuvieron un encuentro de trabajo con el intendente Francisco Azcu\u00e9 y el secretario de Coordinaci\u00f3n de Gabinete y Hacienda, Pablo Ferreyra.<\/p>\n\n\n\n<p>La reuni\u00f3n tuvo como objetivo:<\/p>\n\n\n\n<p><img loading=\"lazy\" decoding=\"async\" height=\"16\" width=\"16\" alt=\"\u2705\" src=\"https:\/\/static.xx.fbcdn.net\/images\/emoji.php\/v9\/t33\/1\/16\/2705.png\"> diagramar agenda com\u00fan de obras estrat\u00e9gicas para la ciudad.<\/p>\n\n\n\n<p><img loading=\"lazy\" decoding=\"async\" height=\"16\" width=\"16\" alt=\"\u2705\" src=\"https:\/\/static.xx.fbcdn.net\/images\/emoji.php\/v9\/t33\/1\/16\/2705.png\"> La articulaci\u00f3n de acciones conjuntas en territorio.<\/p>\n\n\n\n<p><img loading=\"lazy\" decoding=\"async\" height=\"16\" width=\"16\" alt=\"\u2705\" src=\"https:\/\/static.xx.fbcdn.net\/images\/emoji.php\/v9\/t33\/1\/16\/2705.png\"> La gesti\u00f3n de nuevos proyectos que mejoren la calidad de vida de los concordienses.<\/p>\n\n\n\n<p>Seguimos fortaleciendo los lazos institucionales para trabajar en conjunto y seguir construyendo futuro.<\/p>\n","protected":false},"excerpt":{"rendered":"<p>El presidente de CAFESG, Carlos Cecco, y el vocal Mart\u00edn Dri, mantuvieron un encuentro de trabajo con el intendente Francisco Azcu\u00e9 y el secretario de Coordinaci\u00f3n de Gabinete y Hacienda, Pablo Ferreyra. La reuni\u00f3n tuvo como objetivo: diagramar agenda com\u00fan de obras estrat\u00e9gicas para la ciudad. La articulaci\u00f3n de acciones conjuntas en territorio. La gesti\u00f3n [&hellip;]<\/p>\n","protected":false},"author":2,"featured_media":6556,"comment_status":"closed","ping_status":"closed","sticky":false,"template":"","format":"standard","meta":{"_et_pb_use_builder":"","_et_pb_old_content":"","footnotes":""},"categories":[1],"tags":[],"class_list":["post-6555","post","type-post","status-publish","format-standard","has-post-thumbnail","hentry","category-sin-categoria"],"_links":{"self":[{"href":"https:\/\/diarioelfederaense.com.ar\/index.php?rest_route=\/wp\/v2\/posts\/6555"}],"collection":[{"href":"https:\/\/diarioelfederaense.com.ar\/index.php?rest_route=\/wp\/v2\/posts"}],"about":[{"href":"https:\/\/diarioelfederaense.com.ar\/index.php?rest_route=\/wp\/v2\/types\/post"}],"author":[{"embeddable":true,"href":"https:\/\/diarioelfederaense.com.ar\/index.php?rest_route=\/wp\/v2\/users\/2"}],"replies":[{"embeddable":true,"href":"https:\/\/diarioelfederaense.com.ar\/index.php?rest_route=%2Fwp%2Fv2%2Fcomments&post=6555"}],"version-history":[{"count":1,"href":"https:\/\/diarioelfederaense.com.ar\/index.php?rest_route=\/wp\/v2\/posts\/6555\/revisions"}],"predecessor-version":[{"id":6557,"href":"https:\/\/diarioelfederaense.com.ar\/index.php?rest_route=\/wp\/v2\/posts\/6555\/revisions\/6557"}],"wp:featuredmedia":[{"embeddable":true,"href":"https:\/\/diarioelfederaense.com.ar\/index.php?rest_route=\/wp\/v2\/media\/6556"}],"wp:attachment":[{"href":"https:\/\/diarioelfederaense.com.ar\/index.php?rest_route=%2Fwp%2Fv2%2Fmedia&parent=6555"}],"wp:term":[{"taxonomy":"category","embeddable":true,"href":"https:\/\/diarioelfederaense.com.ar\/index.php?rest_route=%2Fwp%2Fv2%2Fcategories&post=6555"},{"taxonomy":"post_tag","embeddable":true,"href":"https:\/\/diarioelfederaense.com.ar\/index.php?rest_route=%2Fwp%2Fv2%2Ftags&post=6555"}],"curies":[{"name":"wp","href":"https:\/\/api.w.org\/{rel}","templated":true}]}}