{"id":6552,"date":"2025-12-29T17:46:34","date_gmt":"2025-12-29T20:46:34","guid":{"rendered":"https:\/\/diarioelfederaense.com.ar\/?p=6552"},"modified":"2025-12-29T17:46:35","modified_gmt":"2025-12-29T20:46:35","slug":"olivia-y-bautista-fueron-los-nombres-mas-elegidos-en-2025-para-los-recien-nacidos-en-entre-rios","status":"publish","type":"post","link":"https:\/\/diarioelfederaense.com.ar\/?p=6552","title":{"rendered":"OLIVIA Y BAUTISTA FUERON LOS NOMBRES M\u00c1S ELEGIDOS EN 2025 PARA LOS RECI\u00c9N NACIDOS EN ENTRE R\u00cdOS."},"content":{"rendered":"\n<p><a><\/a>La cantidad de nacimientos en 2025 y cu\u00e1les fueron los nombres m\u00e1s elegidos en Entre R\u00edos<\/p>\n\n\n\n<p>El Registro Civil de Entre R\u00edos present\u00f3 el balance del 2025 con datos sobre nacimientos, defunciones, matrimonios y uniones convivenciales.<\/p>\n\n\n\n<p>El Registro Civil de Entre R\u00edos present\u00f3 el balance del 2025 con datos sobre nacimientos, defunciones, matrimonios y uniones convivenciales. Tambi\u00e9n brind\u00f3 recomendaciones por la alta demanda de DNI y pasaportes en temporada de viajes.<\/p>\n\n\n\n<p>En n\u00fameros<\/p>\n\n\n\n<p>El director del Registro Civil provincial, Jos\u00e9 Luciano Fettolini, explic\u00f3 que, en materia de natalidad, en lo que va del 2025, se registraron 12.495 nacimientos en toda la provincia. En cuanto a la mortalidad, precis\u00f3 que se contabilizaron 11.427 defunciones en el mismo per\u00edodo.<\/p>\n\n\n\n<p>Respecto a los matrimonios, el Registro Civil contabiliz\u00f3 3.483 casamientos hasta este 26 de diciembre. A esa cifra se sumaron 2.157 uniones convivenciales, una figura legal que, si bien no crea v\u00ednculo matrimonial, otorga derechos jur\u00eddicos vinculados a pensiones, obras sociales y otros beneficios.<\/p>\n\n\n\n<p>Los nombres<\/p>\n\n\n\n<p>Otro de los datos destacados del balance anual fue el ranking de nombres m\u00e1s elegidos para los reci\u00e9n nacidos. Seg\u00fan el Registro Civil, el nombre femenino m\u00e1s registrado en Entre R\u00edos durante 2025 fue Olivia, seguido por Emilia, Martina, Isabela, Renata, Ema, Catalina, Justina, Valentina y Sara.<\/p>\n\n\n\n<p>En el caso de los varones, el primer lugar lo ocup\u00f3 Bautista. El listado de los diez nombres masculinos m\u00e1s elegidos se complet\u00f3 con Felipe, Valentino, Benicio, Salvador, Amadeo, Mateo, Lorenzo, Benjam\u00edn y Santino.<\/p>\n\n\n\n<p>Desde el organismo se\u00f1alaron que \u00abse trata de nombres que marcan tendencias y que, en muchos casos, retoman denominaciones que hab\u00edan sido frecuentes en otros per\u00edodos\u00bb.<\/p>\n\n\n\n<p>DNI y pasaportes por viajes<\/p>\n\n\n\n<p>En relaci\u00f3n con los tr\u00e1mites, Fettolini advirti\u00f3 que existe una alta demanda de documentaci\u00f3n debido a la temporada de vacaciones. Indic\u00f3 que los DNI con tr\u00e1mite com\u00fan presentan demoras en la entrega por parte del Registro Nacional de las Personas, mientras que los tr\u00e1mites expr\u00e9s est\u00e1n llegando en plazos m\u00e1s cortos.<\/p>\n\n\n\n<p>En cuanto a los pasaportes, precis\u00f3 que el tr\u00e1mite com\u00fan tiene un costo de 75.000 pesos, mientras que el expr\u00e9s asciende a 150.000 pesos. Adem\u00e1s, record\u00f3 que existe la posibilidad de realizar pasaportes de manera inmediata en aeropuertos habilitados y en oficinas espec\u00edficas de la ciudad de Buenos Aires.<\/p>\n\n\n\n<p>Por \u00faltimo, el director del Registro Civil aclar\u00f3 que para viajar a pa\u00edses lim\u00edtrofes con menores de edad que lo hagan acompa\u00f1ados por ambos padres no se requiere autorizaci\u00f3n adicional, aunque s\u00ed es recomendable contar con DNI y documentaci\u00f3n respaldatoria. En los casos en que los menores viajen con uno solo de los progenitores o con terceros, se exige una autorizaci\u00f3n formal ante escribano, juzgado de paz o Registro Civil, seg\u00fan corresponda.<\/p>\n\n\n\n<p>Fuente: El Once.<\/p>\n","protected":false},"excerpt":{"rendered":"<p>La cantidad de nacimientos en 2025 y cu\u00e1les fueron los nombres m\u00e1s elegidos en Entre R\u00edos El Registro Civil de Entre R\u00edos present\u00f3 el balance del 2025 con datos sobre nacimientos, defunciones, matrimonios y uniones convivenciales. El Registro Civil de Entre R\u00edos present\u00f3 el balance del 2025 con datos sobre nacimientos, defunciones, matrimonios y uniones [&hellip;]<\/p>\n","protected":false},"author":2,"featured_media":6553,"comment_status":"closed","ping_status":"closed","sticky":false,"template":"","format":"standard","meta":{"_et_pb_use_builder":"","_et_pb_old_content":"","footnotes":""},"categories":[1],"tags":[],"class_list":["post-6552","post","type-post","status-publish","format-standard","has-post-thumbnail","hentry","category-sin-categoria"],"_links":{"self":[{"href":"https:\/\/diarioelfederaense.com.ar\/index.php?rest_route=\/wp\/v2\/posts\/6552"}],"collection":[{"href":"https:\/\/diarioelfederaense.com.ar\/index.php?rest_route=\/wp\/v2\/posts"}],"about":[{"href":"https:\/\/diarioelfederaense.com.ar\/index.php?rest_route=\/wp\/v2\/types\/post"}],"author":[{"embeddable":true,"href":"https:\/\/diarioelfederaense.com.ar\/index.php?rest_route=\/wp\/v2\/users\/2"}],"replies":[{"embeddable":true,"href":"https:\/\/diarioelfederaense.com.ar\/index.php?rest_route=%2Fwp%2Fv2%2Fcomments&post=6552"}],"version-history":[{"count":1,"href":"https:\/\/diarioelfederaense.com.ar\/index.php?rest_route=\/wp\/v2\/posts\/6552\/revisions"}],"predecessor-version":[{"id":6554,"href":"https:\/\/diarioelfederaense.com.ar\/index.php?rest_route=\/wp\/v2\/posts\/6552\/revisions\/6554"}],"wp:featuredmedia":[{"embeddable":true,"href":"https:\/\/diarioelfederaense.com.ar\/index.php?rest_route=\/wp\/v2\/media\/6553"}],"wp:attachment":[{"href":"https:\/\/diarioelfederaense.com.ar\/index.php?rest_route=%2Fwp%2Fv2%2Fmedia&parent=6552"}],"wp:term":[{"taxonomy":"category","embeddable":true,"href":"https:\/\/diarioelfederaense.com.ar\/index.php?rest_route=%2Fwp%2Fv2%2Fcategories&post=6552"},{"taxonomy":"post_tag","embeddable":true,"href":"https:\/\/diarioelfederaense.com.ar\/index.php?rest_route=%2Fwp%2Fv2%2Ftags&post=6552"}],"curies":[{"name":"wp","href":"https:\/\/api.w.org\/{rel}","templated":true}]}}