{"id":6545,"date":"2025-12-29T10:54:35","date_gmt":"2025-12-29T13:54:35","guid":{"rendered":"https:\/\/diarioelfederaense.com.ar\/?p=6545"},"modified":"2025-12-29T10:54:36","modified_gmt":"2025-12-29T13:54:36","slug":"3722-personas-en-termas-este-fin-de-semana","status":"publish","type":"post","link":"https:\/\/diarioelfederaense.com.ar\/?p=6545","title":{"rendered":"3722 PERSONAS EN TERMAS ESTE FIN DE SEMANA"},"content":{"rendered":"\n<p>Comienza a asomar enero y se acent\u00faa el movimiento tur\u00edstico en Federaci\u00f3n, crecen las expectativas de un buen verano.<\/p>\n","protected":false},"excerpt":{"rendered":"<p>Comienza a asomar enero y se acent\u00faa el movimiento tur\u00edstico en Federaci\u00f3n, crecen las expectativas de un buen verano.<\/p>\n","protected":false},"author":2,"featured_media":6546,"comment_status":"closed","ping_status":"closed","sticky":false,"template":"","format":"standard","meta":{"_et_pb_use_builder":"","_et_pb_old_content":"","footnotes":""},"categories":[1],"tags":[],"class_list":["post-6545","post","type-post","status-publish","format-standard","has-post-thumbnail","hentry","category-sin-categoria"],"_links":{"self":[{"href":"https:\/\/diarioelfederaense.com.ar\/index.php?rest_route=\/wp\/v2\/posts\/6545"}],"collection":[{"href":"https:\/\/diarioelfederaense.com.ar\/index.php?rest_route=\/wp\/v2\/posts"}],"about":[{"href":"https:\/\/diarioelfederaense.com.ar\/index.php?rest_route=\/wp\/v2\/types\/post"}],"author":[{"embeddable":true,"href":"https:\/\/diarioelfederaense.com.ar\/index.php?rest_route=\/wp\/v2\/users\/2"}],"replies":[{"embeddable":true,"href":"https:\/\/diarioelfederaense.com.ar\/index.php?rest_route=%2Fwp%2Fv2%2Fcomments&post=6545"}],"version-history":[{"count":1,"href":"https:\/\/diarioelfederaense.com.ar\/index.php?rest_route=\/wp\/v2\/posts\/6545\/revisions"}],"predecessor-version":[{"id":6547,"href":"https:\/\/diarioelfederaense.com.ar\/index.php?rest_route=\/wp\/v2\/posts\/6545\/revisions\/6547"}],"wp:featuredmedia":[{"embeddable":true,"href":"https:\/\/diarioelfederaense.com.ar\/index.php?rest_route=\/wp\/v2\/media\/6546"}],"wp:attachment":[{"href":"https:\/\/diarioelfederaense.com.ar\/index.php?rest_route=%2Fwp%2Fv2%2Fmedia&parent=6545"}],"wp:term":[{"taxonomy":"category","embeddable":true,"href":"https:\/\/diarioelfederaense.com.ar\/index.php?rest_route=%2Fwp%2Fv2%2Fcategories&post=6545"},{"taxonomy":"post_tag","embeddable":true,"href":"https:\/\/diarioelfederaense.com.ar\/index.php?rest_route=%2Fwp%2Fv2%2Ftags&post=6545"}],"curies":[{"name":"wp","href":"https:\/\/api.w.org\/{rel}","templated":true}]}}