{"id":6542,"date":"2025-12-29T10:50:42","date_gmt":"2025-12-29T13:50:42","guid":{"rendered":"https:\/\/diarioelfederaense.com.ar\/?p=6542"},"modified":"2025-12-29T10:50:43","modified_gmt":"2025-12-29T13:50:43","slug":"dos-vehiculos-chocaron-con-un-equino-que-estaba-sobre-la-ruta-14-al-sur-de-concordia","status":"publish","type":"post","link":"https:\/\/diarioelfederaense.com.ar\/?p=6542","title":{"rendered":"Dos veh\u00edculos chocaron con un equino que estaba sobre la Ruta 14 al sur de Concordia"},"content":{"rendered":"\n<h2 class=\"wp-block-heading\">Un siniestro vial se registr\u00f3 durante este fin de semana, sobre la autov\u00eda Jos\u00e9 Gervasio Artigas, }a la altura del kil\u00f3metro 224, en cercan\u00edas del arroyo El Rab\u00f3n, jurisdicci\u00f3n de la comisar\u00eda de Pedernal.<\/h2>\n\n\n\n<p>29 de Diciembre de 2025<\/p>\n\n\n\n<p><a target=\"_blank\" href=\"https:\/\/api.whatsapp.com\/send?text=Dos%20veh%C3%ADculos%20chocaron%20con%20un%20equino%20que%20estaba%20sobre%20la%20Ruta%2014%20al%20sur%20de%20Concordia%20-%20https:\/\/diarioriouruguay.com\/policiales\/\/dos-vehiculos-chocaron-con-un-equino-que-estaba-sobre-la-ruta-14-al-sur-de-concordia.htm\" rel=\"noreferrer noopener\"><\/a><a href=\"https:\/\/diarioriouruguay.com\/policiales\/dos-vehiculos-chocaron-con-un-equino-que-estaba-sobre-la-ruta-14-al-sur-de-concordia.htm#\"><\/a><a href=\"javascript:copyLink('aviso', 'URL Copiada');\"><\/a><a href=\"https:\/\/diarioriouruguay.com\/policiales\/dos-vehiculos-chocaron-con-un-equino-que-estaba-sobre-la-ruta-14-al-sur-de-concordia.htm#\"><\/a><a target=\"_blank\" href=\"\/\/diarioriouruguay.com\/policiales\/\/dos-vehiculos-chocaron-con-un-equino-que-estaba-sobre-la-ruta-14-al-sur-de-concordia.htm\" rel=\"noreferrer noopener\"><\/a><a href=\"https:\/\/diarioriouruguay.com\/policiales\/dos-vehiculos-chocaron-con-un-equino-que-estaba-sobre-la-ruta-14-al-sur-de-concordia.htm#comentarios\"><\/a><\/p>\n\n\n\n<figure class=\"wp-block-image\"><img decoding=\"async\" src=\"https:\/\/diarioriouruguay.com\/galeria\/sitio\/\" alt=\"Uno de los veh\u00edculos involucrados en el siniestro\" title=\"Uno de los veh\u00edculos involucrados en el siniestro\"\/><figcaption class=\"wp-element-caption\">Uno de los veh\u00edculos involucrados en el siniestro<\/figcaption><\/figure>\n\n\n\n<p>De acuerdo a la informaci\u00f3n que pudo recabar un cronista de&nbsp;<strong>Diario R\u00edo Uruguay<\/strong>, el hecho ocurri\u00f3 en la noche del pasado viernes, cuando dos veh\u00edculos que circulaban en sentido sur\u2013norte colisionaron con un equino que se encontraba suelto sobre la cinta asf\u00e1ltica. Como consecuencia del impacto, no se registraron personas lesionadas, aunque s\u00ed importantes da\u00f1os materiales y el fallecimiento inmediato del animal.<\/p>\n\n\n\n<p>El primer rodado involucrado fue un Renault Stepway, dominio AF611JI, conducido por un joven de 25 a\u00f1os, domiciliado en la ciudad de Gualeguaych\u00fa. El segundo veh\u00edculo fue un Volkswagen Gol Trend, dominio JSJ458, al mando de un hombre con domicilio en la ciudad de Concordia.<\/p>\n\n\n\n<figure class=\"wp-block-image\"><img decoding=\"async\" src=\"https:\/\/diarioriouruguay.com\/galeria\/sitio\/\" alt=\"El otro rodado involucrado en el accidente.\"\/><figcaption class=\"wp-element-caption\">El otro rodado involucrado en el accidente.<\/figcaption><\/figure>\n\n\n\n<p>Seg\u00fan se detall\u00f3, ambos veh\u00edculos impactaron contra un equino macho, de pelaje zaino y orejano, el cual presentaba golpes m\u00faltiples y qued\u00f3 tendido en el cantero central.<\/p>\n\n\n\n<p>Tras el siniestro, el tr\u00e1nsito fue asistido en el lugar y ambos carriles quedaron despejados, mientras el personal policial trabaj\u00f3 en la banquina este con los veh\u00edculos involucrados. Se dio intervenci\u00f3n a Brigada de Abigeato y personal de Polic\u00eda Caminera, a fin de continuar con las actuaciones correspondientes.<\/p>\n\n\n\n<p>Uno de los automovilistas que se vieron damnificados por el accidente, registraron la escena tras el impacto ocurrido con el animal suelto sobre la v\u00eda<\/p>\n","protected":false},"excerpt":{"rendered":"<p>Un siniestro vial se registr\u00f3 durante este fin de semana, sobre la autov\u00eda Jos\u00e9 Gervasio Artigas, }a la altura del kil\u00f3metro 224, en cercan\u00edas del arroyo El Rab\u00f3n, jurisdicci\u00f3n de la comisar\u00eda de Pedernal. 29 de Diciembre de 2025 De acuerdo a la informaci\u00f3n que pudo recabar un cronista de&nbsp;Diario R\u00edo Uruguay, el hecho ocurri\u00f3 [&hellip;]<\/p>\n","protected":false},"author":2,"featured_media":6543,"comment_status":"closed","ping_status":"closed","sticky":false,"template":"","format":"standard","meta":{"_et_pb_use_builder":"","_et_pb_old_content":"","footnotes":""},"categories":[1],"tags":[],"class_list":["post-6542","post","type-post","status-publish","format-standard","has-post-thumbnail","hentry","category-sin-categoria"],"_links":{"self":[{"href":"https:\/\/diarioelfederaense.com.ar\/index.php?rest_route=\/wp\/v2\/posts\/6542"}],"collection":[{"href":"https:\/\/diarioelfederaense.com.ar\/index.php?rest_route=\/wp\/v2\/posts"}],"about":[{"href":"https:\/\/diarioelfederaense.com.ar\/index.php?rest_route=\/wp\/v2\/types\/post"}],"author":[{"embeddable":true,"href":"https:\/\/diarioelfederaense.com.ar\/index.php?rest_route=\/wp\/v2\/users\/2"}],"replies":[{"embeddable":true,"href":"https:\/\/diarioelfederaense.com.ar\/index.php?rest_route=%2Fwp%2Fv2%2Fcomments&post=6542"}],"version-history":[{"count":1,"href":"https:\/\/diarioelfederaense.com.ar\/index.php?rest_route=\/wp\/v2\/posts\/6542\/revisions"}],"predecessor-version":[{"id":6544,"href":"https:\/\/diarioelfederaense.com.ar\/index.php?rest_route=\/wp\/v2\/posts\/6542\/revisions\/6544"}],"wp:featuredmedia":[{"embeddable":true,"href":"https:\/\/diarioelfederaense.com.ar\/index.php?rest_route=\/wp\/v2\/media\/6543"}],"wp:attachment":[{"href":"https:\/\/diarioelfederaense.com.ar\/index.php?rest_route=%2Fwp%2Fv2%2Fmedia&parent=6542"}],"wp:term":[{"taxonomy":"category","embeddable":true,"href":"https:\/\/diarioelfederaense.com.ar\/index.php?rest_route=%2Fwp%2Fv2%2Fcategories&post=6542"},{"taxonomy":"post_tag","embeddable":true,"href":"https:\/\/diarioelfederaense.com.ar\/index.php?rest_route=%2Fwp%2Fv2%2Ftags&post=6542"}],"curies":[{"name":"wp","href":"https:\/\/api.w.org\/{rel}","templated":true}]}}