{"id":6539,"date":"2025-12-28T09:10:42","date_gmt":"2025-12-28T12:10:42","guid":{"rendered":"https:\/\/diarioelfederaense.com.ar\/?p=6539"},"modified":"2025-12-28T09:10:43","modified_gmt":"2025-12-28T12:10:43","slug":"fueron-demolidas-las-cabinas-de-peaje-en-la-ruta-14","status":"publish","type":"post","link":"https:\/\/diarioelfederaense.com.ar\/?p=6539","title":{"rendered":"Fueron demolidas las cabinas de peaje en la Ruta 14"},"content":{"rendered":"\n<p>Un total de cinco cabinas fueron completamente derribadas. Los trabajos en la Estaci\u00f3n de Peaje Yeru\u00e1 comenzaron el viernes y continuaron este s\u00e1bado. En su lugar colocar\u00edan cabinas de Telepeaje.<\/p>\n\n\n\n<p><\/p>\n\n\n\n<figure class=\"wp-block-image\"><img decoding=\"async\" src=\"https:\/\/apfdigital-s3.cdn.net.ar\/s3i233\/2025\/12\/apfdigital\/images\/02\/41\/45\/2414581_23f3646e91765e53b3b8467b3415f5cb20bbf91c2113e54306bb73e39642a5a0\/md.webp\" alt=\"\"\/><\/figure>\n\n\n\n<p>Las cabinas de la Estaci\u00f3n de Peaje Yeru\u00e1, en el departamento Concordia, fueron demolidas: los trabajos arrancaron el viernes a la ma\u00f1ana y, desde entonces, ya se derribaron un total de 5 cabinas, dejando \u00fanicamente una en pie.<\/p>\n\n\n\n<p>De acuerdo con lo que extraoficialmente se coment\u00f3 a Diario R\u00edo Uruguay, en el lugar se colocar\u00edan cabinas de Telepeaje, pero por el momento no se especificaron plazos para el retome en el cobro del peaje.<\/p>\n\n\n\n<p>Adem\u00e1s, se desconoce cu\u00e1ndo se reorganizar\u00e1 el mantenimiento, los servicios viales y la operatividad general de la Ruta 14 luego de que el Gobierno Nacional adjudicara la concesi\u00f3n a Autov\u00eda Construcciones y Servicios S.A.<\/p>\n","protected":false},"excerpt":{"rendered":"<p>Un total de cinco cabinas fueron completamente derribadas. Los trabajos en la Estaci\u00f3n de Peaje Yeru\u00e1 comenzaron el viernes y continuaron este s\u00e1bado. En su lugar colocar\u00edan cabinas de Telepeaje. Las cabinas de la Estaci\u00f3n de Peaje Yeru\u00e1, en el departamento Concordia, fueron demolidas: los trabajos arrancaron el viernes a la ma\u00f1ana y, desde entonces, [&hellip;]<\/p>\n","protected":false},"author":2,"featured_media":6540,"comment_status":"closed","ping_status":"closed","sticky":false,"template":"","format":"standard","meta":{"_et_pb_use_builder":"","_et_pb_old_content":"","footnotes":""},"categories":[1],"tags":[],"class_list":["post-6539","post","type-post","status-publish","format-standard","has-post-thumbnail","hentry","category-sin-categoria"],"_links":{"self":[{"href":"https:\/\/diarioelfederaense.com.ar\/index.php?rest_route=\/wp\/v2\/posts\/6539"}],"collection":[{"href":"https:\/\/diarioelfederaense.com.ar\/index.php?rest_route=\/wp\/v2\/posts"}],"about":[{"href":"https:\/\/diarioelfederaense.com.ar\/index.php?rest_route=\/wp\/v2\/types\/post"}],"author":[{"embeddable":true,"href":"https:\/\/diarioelfederaense.com.ar\/index.php?rest_route=\/wp\/v2\/users\/2"}],"replies":[{"embeddable":true,"href":"https:\/\/diarioelfederaense.com.ar\/index.php?rest_route=%2Fwp%2Fv2%2Fcomments&post=6539"}],"version-history":[{"count":1,"href":"https:\/\/diarioelfederaense.com.ar\/index.php?rest_route=\/wp\/v2\/posts\/6539\/revisions"}],"predecessor-version":[{"id":6541,"href":"https:\/\/diarioelfederaense.com.ar\/index.php?rest_route=\/wp\/v2\/posts\/6539\/revisions\/6541"}],"wp:featuredmedia":[{"embeddable":true,"href":"https:\/\/diarioelfederaense.com.ar\/index.php?rest_route=\/wp\/v2\/media\/6540"}],"wp:attachment":[{"href":"https:\/\/diarioelfederaense.com.ar\/index.php?rest_route=%2Fwp%2Fv2%2Fmedia&parent=6539"}],"wp:term":[{"taxonomy":"category","embeddable":true,"href":"https:\/\/diarioelfederaense.com.ar\/index.php?rest_route=%2Fwp%2Fv2%2Fcategories&post=6539"},{"taxonomy":"post_tag","embeddable":true,"href":"https:\/\/diarioelfederaense.com.ar\/index.php?rest_route=%2Fwp%2Fv2%2Ftags&post=6539"}],"curies":[{"name":"wp","href":"https:\/\/api.w.org\/{rel}","templated":true}]}}