{"id":6530,"date":"2025-12-26T15:01:34","date_gmt":"2025-12-26T18:01:34","guid":{"rendered":"https:\/\/diarioelfederaense.com.ar\/?p=6530"},"modified":"2025-12-26T15:01:35","modified_gmt":"2025-12-26T18:01:35","slug":"como-funcionara-el-parque-termal-y-acuatico","status":"publish","type":"post","link":"https:\/\/diarioelfederaense.com.ar\/?p=6530","title":{"rendered":"COMO FUNCIONAR\u00c1 EL PARQUE TERMAL Y ACU\u00c1TICO."},"content":{"rendered":"\n<p>NUEVOS HORARIOS.<\/p>\n\n\n\n<p><a><\/a>Se dispuso un nuevo esquema de apertura y cierre del parque acu\u00e1tico y termal<\/p>\n\n\n\n<p>FIN DE A\u00d1O<\/p>\n\n\n\n<p>Martes 31\/12 apertura de 8 a 19 hs cierre<\/p>\n\n\n\n<p>Mi\u00e9rcoles 01\/01 apertura de 9 a 20 hs cierre.<\/p>\n\n\n\n<p>PARQUE ACU\u00c1TICO CON NUEVO HORARIO.<\/p>\n\n\n\n<p>El Parque acu\u00e1tico ampl\u00eda sus horas de funcionamiento y modifica el horario a partir del 01\/01 apertura de 10 hs a 19 hs.cierre.<\/p>\n\n\n\n<p>El parque acu\u00e1tico y termal cuenta con todos los servicios, guarda vidas y tambi\u00e9n enfermer\u00eda.<\/p>\n\n\n\n<p>Recomendamos a los padres de los m\u00e1s peque\u00f1os estar atentos, en cuidado y alerta mientras permanezcan disfrutando de los atractivos.<\/p>\n\n\n\n<p><a href=\"https:\/\/www.facebook.com\/hashtag\/verano2026?__eep__=6&amp;__cft__[0]=AZbLthdKHFhWYvPxEISihhQjU8ElbLcW8pSnIqQGpWL26S_QBJGS5aL5ZzJ4yIxdjAnxMO4mdVEfPD0bSt4_aEIl3ETDzRGxJIyRP8WOE67_1n0ysjNCSAim-LU7xIyDhL4BSWjRPDT_kQyDtlINH2PmYseTIBt3h_xk0PwI7PG2agD2mdRjfpTUNp6KeQqM8JiEyuO3aTDmmGw3KRXJtFZ0&amp;__tn__=*NK-R\">#verano2026<\/a> Departamento en Federaci\u00f3n<\/p>\n","protected":false},"excerpt":{"rendered":"<p>NUEVOS HORARIOS. Se dispuso un nuevo esquema de apertura y cierre del parque acu\u00e1tico y termal FIN DE A\u00d1O Martes 31\/12 apertura de 8 a 19 hs cierre Mi\u00e9rcoles 01\/01 apertura de 9 a 20 hs cierre. PARQUE ACU\u00c1TICO CON NUEVO HORARIO. El Parque acu\u00e1tico ampl\u00eda sus horas de funcionamiento y modifica el horario a [&hellip;]<\/p>\n","protected":false},"author":2,"featured_media":6531,"comment_status":"closed","ping_status":"closed","sticky":false,"template":"","format":"standard","meta":{"_et_pb_use_builder":"","_et_pb_old_content":"","footnotes":""},"categories":[1],"tags":[],"class_list":["post-6530","post","type-post","status-publish","format-standard","has-post-thumbnail","hentry","category-sin-categoria"],"_links":{"self":[{"href":"https:\/\/diarioelfederaense.com.ar\/index.php?rest_route=\/wp\/v2\/posts\/6530"}],"collection":[{"href":"https:\/\/diarioelfederaense.com.ar\/index.php?rest_route=\/wp\/v2\/posts"}],"about":[{"href":"https:\/\/diarioelfederaense.com.ar\/index.php?rest_route=\/wp\/v2\/types\/post"}],"author":[{"embeddable":true,"href":"https:\/\/diarioelfederaense.com.ar\/index.php?rest_route=\/wp\/v2\/users\/2"}],"replies":[{"embeddable":true,"href":"https:\/\/diarioelfederaense.com.ar\/index.php?rest_route=%2Fwp%2Fv2%2Fcomments&post=6530"}],"version-history":[{"count":1,"href":"https:\/\/diarioelfederaense.com.ar\/index.php?rest_route=\/wp\/v2\/posts\/6530\/revisions"}],"predecessor-version":[{"id":6532,"href":"https:\/\/diarioelfederaense.com.ar\/index.php?rest_route=\/wp\/v2\/posts\/6530\/revisions\/6532"}],"wp:featuredmedia":[{"embeddable":true,"href":"https:\/\/diarioelfederaense.com.ar\/index.php?rest_route=\/wp\/v2\/media\/6531"}],"wp:attachment":[{"href":"https:\/\/diarioelfederaense.com.ar\/index.php?rest_route=%2Fwp%2Fv2%2Fmedia&parent=6530"}],"wp:term":[{"taxonomy":"category","embeddable":true,"href":"https:\/\/diarioelfederaense.com.ar\/index.php?rest_route=%2Fwp%2Fv2%2Fcategories&post=6530"},{"taxonomy":"post_tag","embeddable":true,"href":"https:\/\/diarioelfederaense.com.ar\/index.php?rest_route=%2Fwp%2Fv2%2Ftags&post=6530"}],"curies":[{"name":"wp","href":"https:\/\/api.w.org\/{rel}","templated":true}]}}