{"id":6527,"date":"2025-12-26T10:51:53","date_gmt":"2025-12-26T13:51:53","guid":{"rendered":"https:\/\/diarioelfederaense.com.ar\/?p=6527"},"modified":"2025-12-26T10:51:53","modified_gmt":"2025-12-26T13:51:53","slug":"la-grilla-de-artistas-empuja-la-venta-de-entradas-para-la-fiesta-nacional-del-lago","status":"publish","type":"post","link":"https:\/\/diarioelfederaense.com.ar\/?p=6527","title":{"rendered":"La grilla de artistas empuja la venta de entradas para la Fiesta Nacional del Lago"},"content":{"rendered":"\n<p><a><\/a>Con una grilla \u201cmuy potente y contundente\u201d, la ciudad de Federaci\u00f3n se prepara para lo que ser\u00e1 una nueva edici\u00f3n de la tradicional fiesta y adelant\u00f3 algunos detalles sobre las veladas.<\/p>\n\n\n\n<p>En di\u00e1logo con Diario R\u00edo Uruguay, el titular de la cartera de Turismo de Federaci\u00f3n, Ezequiel Marozzini, asegur\u00f3 que \u201cvenimos avizorando que vamos a tener una gran Fiesta Nacional del Lago, sobre todo por la conformidad que tuvimos con la grilla, que es muy potente y contundente\u201d.<\/p>\n\n\n\n<p>Seg\u00fan sus palabras, al momento de \u201ccomprar la entrada\u201d, los artistas que se presentar\u00e1n durante las cuatro noches agilizaron el inter\u00e9s de los locales. Al respecto, coment\u00f3 que \u201cen la ciudad tenemos un bono que incluye todas las noches por un costo de 60.000 pesos\u201d.<\/p>\n\n\n\n<p>Dicho esto, record\u00f3 que la 42\u00b0 edici\u00f3n de la fiesta contar\u00e1 con artistas como \u201cPinky y todo el staff de Un Poco de Ruido, el Vikingo Correa, Axel, que ya es un show internacional, Damas Gratis y Ke Personajes\u201d.<\/p>\n\n\n\n<p>El bono<\/p>\n\n\n\n<p>Teniendo esto en cuenta, precis\u00f3 que \u201clos federaenses est\u00e1n adquiriendo muy bien el bono y, por supuesto, tambi\u00e9n tenemos una plataforma online en donde sale 20 mil pesos cada noche\u201d, a excepci\u00f3n de \u201cla de Ke Personajes, que sale 40 mil pesos\u201d.<\/p>\n\n\n\n<p>Por lo pronto, reconoci\u00f3 que \u201ctenemos un lindo movimiento respecto a la Fiesta Nacional del Lago\u201d y asegur\u00f3 que \u201cha despertado mucha expectativa de toda la regi\u00f3n\u201d.<\/p>\n\n\n\n<p>Por otro lado, destac\u00f3 que \u201cla gente de la regi\u00f3n tambi\u00e9n puede aprovechar el bono, pero no tiene venta online, ya que se vende \u00fanicamente en Federaci\u00f3n\u201d. Debido a esto, sugiri\u00f3 que \u201cpueden aprovechar y visitar la ciudad\u201d para adquirirlo.<\/p>\n\n\n\n<p>Cronograma<\/p>\n\n\n\n<p>En cuanto a c\u00f3mo se desarrollar\u00e1 la fiesta, Marozzini adelant\u00f3 que \u201cel anfiteatro abrir\u00e1 a las 20:00 y los shows comenzar\u00e1n alrededor de las 21:30, con mucho despliegue de artistas locales y provinciales\u201d. En el caso del domingo con el show de Ke Personajes, anticip\u00f3 que \u201cel anfiteatro va a abrir a las 19:00 y el show puntual ser\u00e1 a las 23:00, para luego tener una desconcentraci\u00f3n y que cada uno se vaya a su casa tranquilo\u201d.<\/p>\n\n\n\n<p>Para el resto de las veladas, precis\u00f3 que \u201cAxel ser\u00e1 aproximadamente a la 1:00 y Damas Gratis va a estar tocando alrededor de las 2:00\u201d. Dicho esto, reconoci\u00f3 que \u201csabemos que va a haber mucha gente en la ciudad de Federaci\u00f3n y la idea es que todos la pasemos bien\u201d.<\/p>\n\n\n\n<p>Finalmente, confirm\u00f3 que en esta oportunidad tambi\u00e9n se llevar\u00e1 a cabo la peregrinaci\u00f3n de la virgen y detall\u00f3 que \u201cser\u00e1 durante la noche inaugural de la fiesta, que en este caso va a ser el jueves, en donde la imagen de la Inmaculada Concepci\u00f3n vendr\u00e1 por el lago, custodiada por Prefectura Naval Argentina, en una caravana n\u00e1utica realmente muy emotiva. Una vez en Playa Grande, la virgen ser\u00e1 trasladada hasta el escenario del anfiteatro y ah\u00ed se dar\u00e1 comiendo a la ceremonia inaugural\u201d.<\/p>\n\n\n\n<p>Turismo<\/p>\n\n\n\n<p>Por \u00faltimo, Marosini brind\u00f3 una valoraci\u00f3n sobre la actividad tur\u00edstica en la ciudad de Federaci\u00f3n a lo largo del 2025 y asegur\u00f3 que \u201cno fue un a\u00f1o f\u00e1cil\u201d, sobre todo \u201cpara los prestadores, pero se not\u00f3 una leve mejor\u00eda en cada uno de los fines de semana largos que hemos tenido\u201d.<\/p>\n\n\n\n<p>Teniendo esto en cuenta, consider\u00f3 que \u201cse hizo un esfuerzo en equipo en esto, sobre todo desde lo p\u00fablico y lo privado para poder sostener precios y hablar de un turismo en el que Federaci\u00f3n es accesible en cuanto a tarifas, tanto en lo hotelero como en lo gastron\u00f3mico\u201d.<\/p>\n\n\n\n<p>Seg\u00fan sus palabras, esta fue una campa\u00f1a de \u201cconcientizaci\u00f3n que se impuls\u00f3 desde lo p\u00fablico y se lo tom\u00f3 muy bien desde lo privado y creo que tuvimos \u00e9xito durante todo el a\u00f1o. Estamos proyectando sostener ese camino para el verano 2026 y que la gente que nos visita por primera vez o aquel que viene varias veces, se vaya diciendo que Federaci\u00f3n tiene precios accesibles\u201d.<\/p>\n\n\n\n<p>diarioriouruguay<\/p>\n","protected":false},"excerpt":{"rendered":"<p>Con una grilla \u201cmuy potente y contundente\u201d, la ciudad de Federaci\u00f3n se prepara para lo que ser\u00e1 una nueva edici\u00f3n de la tradicional fiesta y adelant\u00f3 algunos detalles sobre las veladas. En di\u00e1logo con Diario R\u00edo Uruguay, el titular de la cartera de Turismo de Federaci\u00f3n, Ezequiel Marozzini, asegur\u00f3 que \u201cvenimos avizorando que vamos a [&hellip;]<\/p>\n","protected":false},"author":2,"featured_media":6528,"comment_status":"closed","ping_status":"closed","sticky":false,"template":"","format":"standard","meta":{"_et_pb_use_builder":"","_et_pb_old_content":"","footnotes":""},"categories":[1],"tags":[],"class_list":["post-6527","post","type-post","status-publish","format-standard","has-post-thumbnail","hentry","category-sin-categoria"],"_links":{"self":[{"href":"https:\/\/diarioelfederaense.com.ar\/index.php?rest_route=\/wp\/v2\/posts\/6527"}],"collection":[{"href":"https:\/\/diarioelfederaense.com.ar\/index.php?rest_route=\/wp\/v2\/posts"}],"about":[{"href":"https:\/\/diarioelfederaense.com.ar\/index.php?rest_route=\/wp\/v2\/types\/post"}],"author":[{"embeddable":true,"href":"https:\/\/diarioelfederaense.com.ar\/index.php?rest_route=\/wp\/v2\/users\/2"}],"replies":[{"embeddable":true,"href":"https:\/\/diarioelfederaense.com.ar\/index.php?rest_route=%2Fwp%2Fv2%2Fcomments&post=6527"}],"version-history":[{"count":1,"href":"https:\/\/diarioelfederaense.com.ar\/index.php?rest_route=\/wp\/v2\/posts\/6527\/revisions"}],"predecessor-version":[{"id":6529,"href":"https:\/\/diarioelfederaense.com.ar\/index.php?rest_route=\/wp\/v2\/posts\/6527\/revisions\/6529"}],"wp:featuredmedia":[{"embeddable":true,"href":"https:\/\/diarioelfederaense.com.ar\/index.php?rest_route=\/wp\/v2\/media\/6528"}],"wp:attachment":[{"href":"https:\/\/diarioelfederaense.com.ar\/index.php?rest_route=%2Fwp%2Fv2%2Fmedia&parent=6527"}],"wp:term":[{"taxonomy":"category","embeddable":true,"href":"https:\/\/diarioelfederaense.com.ar\/index.php?rest_route=%2Fwp%2Fv2%2Fcategories&post=6527"},{"taxonomy":"post_tag","embeddable":true,"href":"https:\/\/diarioelfederaense.com.ar\/index.php?rest_route=%2Fwp%2Fv2%2Ftags&post=6527"}],"curies":[{"name":"wp","href":"https:\/\/api.w.org\/{rel}","templated":true}]}}