{"id":6524,"date":"2025-12-26T10:40:03","date_gmt":"2025-12-26T13:40:03","guid":{"rendered":"https:\/\/diarioelfederaense.com.ar\/?p=6524"},"modified":"2025-12-26T10:40:04","modified_gmt":"2025-12-26T13:40:04","slug":"feriados-2026-el-gobierno-confirmo-tres-dias-no-laborables-y-habra-mas-fines-de-semana-extra-largos","status":"publish","type":"post","link":"https:\/\/diarioelfederaense.com.ar\/?p=6524","title":{"rendered":"Feriados 2026: el Gobierno confirm\u00f3 tres d\u00edas no laborables y habr\u00e1 m\u00e1s fines de semana extra largos"},"content":{"rendered":"\n<p>A <a><\/a>una semana de la celebraci\u00f3n por A\u00f1o Nuevo, el Gobierno nacional oficializ\u00f3 los nuevos feriados no laborables con fines tur\u00edsticos para el a\u00f1o 2026. La medida fue publicada esta madrugada en la Resoluci\u00f3n 164\/2025 en el Bolet\u00edn Oficial. De esta manera, quienes no trabajen en estas fechas podr\u00e1n aprovechar de un fin de semana largo, en cada ocasi\u00f3n.<\/p>\n\n\n\n<p>De esta manera, el jefe de Gabinete, Manuel Adorni, estableci\u00f3 que el lunes 23 de marzo, el viernes 10 de julio y el lunes 7 de diciembre sean agregados como d\u00edas no laborables adicionales. La disposici\u00f3n, que comienza a regir desde el d\u00eda posterior a su publicaci\u00f3n, se suma a los feriados ya previstos en el art\u00edculo 7\u00b0 de la Ley N\u00b0 27.399, normativa que regula los d\u00edas festivos nacionales.<\/p>\n\n\n\n<p>De acuerdo con la justificaci\u00f3n brindada por las autoridades, la decisi\u00f3n apunta a fomentar el turismo interno y facilitar la planificaci\u00f3n de actividades comerciales y familiares en todo el pa\u00eds. As\u00ed, las nuevas fechas fueron seleccionadas para generar fines de semana extralargos, puesto que dan lugar descansos de cuatro d\u00edas consecutivos.<\/p>\n\n\n\n<p>Se trata de una estrategia habitual del Gobierno que comenz\u00f3 a ser aplicada en los \u00faltimos a\u00f1os en busca de dinamizar la econom\u00eda en sectores como la hoteler\u00eda, la gastronom\u00eda y el transporte. En el caso del lunes 23 de marzo, este permitir\u00e1 un descanso extendido en torno al feriado del 24 de marzo, D\u00eda Nacional de la Memoria por la Verdad y la Justicia.<\/p>\n\n\n\n<p>Mientras que el viernes 10 de julio se sumar\u00e1 al feriado del jueves 9 de julio, D\u00eda de la Independencia, el lunes 7 de diciembre terminar\u00e1 de conformar el \u00faltimo fin de semana XL del a\u00f1o, al preceder al D\u00eda de la Inmaculada Concepci\u00f3n de Mar\u00eda, que se conmemora el 8 de diciembre y que, por ley, es inamovible.<\/p>\n\n\n\n<p>De la misma forma, en el considerando, las autoridades recordaron que se trata de una facultad que permite \u201cfijar anualmente hasta tres (3) d\u00edas feriados o no laborables destinados a promover la actividad tur\u00edstica, que deber\u00e1n coincidir con los d\u00edas lunes o viernes\u201d, al hacer referencia a la mencionada norma de feriados nacionales y no laborables.<\/p>\n\n\n\n<p>Frente a esto, reiteraron que el nombramiento de los d\u00edas feriados con fines tur\u00edsticos \u201ctales d\u00edas contribuyen a disminuir los efectos negativos de la estacionalidad del sector tur\u00edstico, procurando distribuir la actividad tur\u00edstica en el tiempo\u201d.<\/p>\n\n\n\n<p>As\u00ed quedar\u00e1 conformado el calendario de feriados 2026<\/p>\n\n\n\n<p>Enero<\/p>\n\n\n\n<p>Jueves 1: A\u00f1o Nuevo (feriado inamovible).<\/p>\n\n\n\n<p>Febrero<\/p>\n\n\n\n<p>Lunes 16 y martes 17: Carnaval (feriados inamovibles).<\/p>\n\n\n\n<p>Marzo<\/p>\n\n\n\n<p>Lunes 23: d\u00eda no laborable con fines tur\u00edsticos.<\/p>\n\n\n\n<p>Martes 24: D\u00eda Nacional de la Memoria por la Verdad y la Justicia (feriado inamovible).<\/p>\n\n\n\n<p>Abril<\/p>\n\n\n\n<p>Jueves 2: D\u00eda del Veterano y de los Ca\u00eddos en la Guerra de Malvinas (feriado inamovible) y, al mismo tiempo, coincidir\u00e1 con el Jueves Santo (d\u00eda no laborable).<\/p>\n\n\n\n<p>Viernes 3: Viernes Santo (feriado inamovible).<\/p>\n\n\n\n<p>Mayo<\/p>\n\n\n\n<p>Viernes 1: D\u00eda del Trabajador (feriado inamovible).<\/p>\n\n\n\n<p>Lunes 25: D\u00eda de la Revoluci\u00f3n de Mayo (feriado inamovible).<\/p>\n\n\n\n<p>Junio<\/p>\n\n\n\n<p>Lunes 15: Paso a la Inmortalidad del General Don Mart\u00edn Miguel de G\u00fcemes (en realidad, la fecha se conmemora el 17, pero se trata de un feriado trasladable).<\/p>\n\n\n\n<p>S\u00e1bado 20: Paso a la Inmortalidad del General Don Manuel Belgrano (feriado inamovible).<\/p>\n\n\n\n<p>Julio<\/p>\n\n\n\n<p>Jueves 9: D\u00eda de la Independencia (feriado inamovible).<\/p>\n\n\n\n<p>Viernes 10: d\u00eda no laborable con fines tur\u00edsticos.<\/p>\n\n\n\n<p>Agosto<\/p>\n\n\n\n<p>Lunes 17: Paso a la Inmortalidad del General Don Jos\u00e9 de San Mart\u00edn (es considerado como un feriado trasladable, pero no se modificar\u00eda la fecha este a\u00f1o).<\/p>\n\n\n\n<p>Octubre<\/p>\n\n\n\n<p>Lunes 12: D\u00eda del Respeto a la Diversidad Cultural (feriado trasladable, que este a\u00f1o permanecer\u00eda sin modificaciones como el 17 de agosto).<\/p>\n\n\n\n<p>Noviembre<\/p>\n\n\n\n<p>Lunes 23: D\u00eda de la Soberan\u00eda Nacional (la fecha original ser\u00eda el viernes 20 de noviembre, pero las autoridades confirmaron el traspaso para que haya un fin de semana largo).<\/p>\n\n\n\n<p>Diciembre<\/p>\n\n\n\n<p>Lunes 7: d\u00eda no laborable con fines tur\u00edsticos.<\/p>\n\n\n\n<p>Martes 8: D\u00eda de la Inmaculada Concepci\u00f3n de Mar\u00eda (feriado inamovible).<\/p>\n\n\n\n<p>Viernes 25: Navidad (feriado inamovible).<\/p>\n","protected":false},"excerpt":{"rendered":"<p>A una semana de la celebraci\u00f3n por A\u00f1o Nuevo, el Gobierno nacional oficializ\u00f3 los nuevos feriados no laborables con fines tur\u00edsticos para el a\u00f1o 2026. La medida fue publicada esta madrugada en la Resoluci\u00f3n 164\/2025 en el Bolet\u00edn Oficial. De esta manera, quienes no trabajen en estas fechas podr\u00e1n aprovechar de un fin de semana [&hellip;]<\/p>\n","protected":false},"author":2,"featured_media":6525,"comment_status":"closed","ping_status":"closed","sticky":false,"template":"","format":"standard","meta":{"_et_pb_use_builder":"","_et_pb_old_content":"","footnotes":""},"categories":[1],"tags":[],"class_list":["post-6524","post","type-post","status-publish","format-standard","has-post-thumbnail","hentry","category-sin-categoria"],"_links":{"self":[{"href":"https:\/\/diarioelfederaense.com.ar\/index.php?rest_route=\/wp\/v2\/posts\/6524"}],"collection":[{"href":"https:\/\/diarioelfederaense.com.ar\/index.php?rest_route=\/wp\/v2\/posts"}],"about":[{"href":"https:\/\/diarioelfederaense.com.ar\/index.php?rest_route=\/wp\/v2\/types\/post"}],"author":[{"embeddable":true,"href":"https:\/\/diarioelfederaense.com.ar\/index.php?rest_route=\/wp\/v2\/users\/2"}],"replies":[{"embeddable":true,"href":"https:\/\/diarioelfederaense.com.ar\/index.php?rest_route=%2Fwp%2Fv2%2Fcomments&post=6524"}],"version-history":[{"count":1,"href":"https:\/\/diarioelfederaense.com.ar\/index.php?rest_route=\/wp\/v2\/posts\/6524\/revisions"}],"predecessor-version":[{"id":6526,"href":"https:\/\/diarioelfederaense.com.ar\/index.php?rest_route=\/wp\/v2\/posts\/6524\/revisions\/6526"}],"wp:featuredmedia":[{"embeddable":true,"href":"https:\/\/diarioelfederaense.com.ar\/index.php?rest_route=\/wp\/v2\/media\/6525"}],"wp:attachment":[{"href":"https:\/\/diarioelfederaense.com.ar\/index.php?rest_route=%2Fwp%2Fv2%2Fmedia&parent=6524"}],"wp:term":[{"taxonomy":"category","embeddable":true,"href":"https:\/\/diarioelfederaense.com.ar\/index.php?rest_route=%2Fwp%2Fv2%2Fcategories&post=6524"},{"taxonomy":"post_tag","embeddable":true,"href":"https:\/\/diarioelfederaense.com.ar\/index.php?rest_route=%2Fwp%2Fv2%2Ftags&post=6524"}],"curies":[{"name":"wp","href":"https:\/\/api.w.org\/{rel}","templated":true}]}}