{"id":6521,"date":"2025-12-26T10:33:12","date_gmt":"2025-12-26T13:33:12","guid":{"rendered":"https:\/\/diarioelfederaense.com.ar\/?p=6521"},"modified":"2025-12-26T10:33:13","modified_gmt":"2025-12-26T13:33:13","slug":"ate-entre-rios-inicia-un-plan-de-lucha-por-tiempo-indeterminado-ante-el-despido-de-mas-de-100-trabajadores","status":"publish","type":"post","link":"https:\/\/diarioelfederaense.com.ar\/?p=6521","title":{"rendered":"ATE Entre R\u00edos inicia un plan de lucha por tiempo indeterminado ante el despido de m\u00e1s de 100 trabajadores"},"content":{"rendered":"\n<p><a><\/a>El gremio estatal notific\u00f3 al Gobierno provincial el inicio de medidas de fuerza a partir de este viernes, supo APFDigital. La decisi\u00f3n surge como respuesta a la no renovaci\u00f3n de contratos temporarios en la administraci\u00f3n p\u00fablica.<\/p>\n\n\n\n<p>La Asociaci\u00f3n Trabajadores del Estado (ATE) de Entre R\u00edos formaliz\u00f3 este jueves un plan de acci\u00f3n directa que afectar\u00e1 el normal funcionamiento de las dependencias estatales en toda la provincia. A trav\u00e9s de notas enviadas al Ministerio de Gobierno y Trabajo, a la Secretar\u00eda de Trabajo y a la Direcci\u00f3n General de Recursos Humanos, el sindicato anunci\u00f3 una \u00abJornada de Lucha\u00bb por tiempo indeterminado.<\/p>\n\n\n\n<p>ATE solicit\u00f3 explicaciones al Gobierno provincial ante la baja de cientos de contratos<\/p>\n\n\n\n<p>La medida, que comenz\u00f3 a regir este viernes, responde de manera directa a la confirmaci\u00f3n de la no renovaci\u00f3n de m\u00e1s de 100 contratos temporarios dentro de la \u00f3rbita del Estado provincial. Seg\u00fan el Consejo Directivo Provincial de ATE, esta situaci\u00f3n pone en riesgo la estabilidad laboral y la prestaci\u00f3n de servicios esenciales.<\/p>\n\n\n\n<p>Modalidades de la protesta Desde el gremio conducido a nivel provincial detallaron que el plan de lucha no tendr\u00e1 una modalidad \u00fanica, sino que se adaptar\u00e1 a la realidad de cada sector. Entre las acciones previstas se encuentran:<\/p>\n\n\n\n<p>Asambleas permanentes en los lugares de trabajo.<\/p>\n\n\n\n<p>Retenci\u00f3n de servicios.<\/p>\n\n\n\n<p>Movilizaciones en diferentes puntos de la provincia.<\/p>\n\n\n\n<p>Otras modalidades de protesta que cada establecimiento considere necesarias seg\u00fan su contexto.<\/p>\n\n\n\n<p>Notificaciones oficiales<\/p>\n\n\n\n<p>Las notas, a las que esta Agencia accedi\u00f3, dirigidas al ministro Manuel Troncoso, al contador Mariano Camoirano (Secretar\u00eda de Trabajo) y a la Dra. Luciana Kapp (Recursos Humanos), ratifican la postura del sindicato de mantener las medidas hasta obtener una respuesta satisfactoria respecto a la continuidad laboral de los agentes afectados.<\/p>\n\n\n\n<p>Hasta el momento, las autoridades provinciales no han emitido un comunicado oficial sobre si se abrir\u00e1 una instancia de negociaci\u00f3n o si se mantendr\u00e1 firme la decisi\u00f3n de dar de baja los contratos mencionados. (APFDigital)<\/p>\n","protected":false},"excerpt":{"rendered":"<p>El gremio estatal notific\u00f3 al Gobierno provincial el inicio de medidas de fuerza a partir de este viernes, supo APFDigital. La decisi\u00f3n surge como respuesta a la no renovaci\u00f3n de contratos temporarios en la administraci\u00f3n p\u00fablica. La Asociaci\u00f3n Trabajadores del Estado (ATE) de Entre R\u00edos formaliz\u00f3 este jueves un plan de acci\u00f3n directa que afectar\u00e1 [&hellip;]<\/p>\n","protected":false},"author":2,"featured_media":6522,"comment_status":"closed","ping_status":"closed","sticky":false,"template":"","format":"standard","meta":{"_et_pb_use_builder":"","_et_pb_old_content":"","footnotes":""},"categories":[1],"tags":[],"class_list":["post-6521","post","type-post","status-publish","format-standard","has-post-thumbnail","hentry","category-sin-categoria"],"_links":{"self":[{"href":"https:\/\/diarioelfederaense.com.ar\/index.php?rest_route=\/wp\/v2\/posts\/6521"}],"collection":[{"href":"https:\/\/diarioelfederaense.com.ar\/index.php?rest_route=\/wp\/v2\/posts"}],"about":[{"href":"https:\/\/diarioelfederaense.com.ar\/index.php?rest_route=\/wp\/v2\/types\/post"}],"author":[{"embeddable":true,"href":"https:\/\/diarioelfederaense.com.ar\/index.php?rest_route=\/wp\/v2\/users\/2"}],"replies":[{"embeddable":true,"href":"https:\/\/diarioelfederaense.com.ar\/index.php?rest_route=%2Fwp%2Fv2%2Fcomments&post=6521"}],"version-history":[{"count":1,"href":"https:\/\/diarioelfederaense.com.ar\/index.php?rest_route=\/wp\/v2\/posts\/6521\/revisions"}],"predecessor-version":[{"id":6523,"href":"https:\/\/diarioelfederaense.com.ar\/index.php?rest_route=\/wp\/v2\/posts\/6521\/revisions\/6523"}],"wp:featuredmedia":[{"embeddable":true,"href":"https:\/\/diarioelfederaense.com.ar\/index.php?rest_route=\/wp\/v2\/media\/6522"}],"wp:attachment":[{"href":"https:\/\/diarioelfederaense.com.ar\/index.php?rest_route=%2Fwp%2Fv2%2Fmedia&parent=6521"}],"wp:term":[{"taxonomy":"category","embeddable":true,"href":"https:\/\/diarioelfederaense.com.ar\/index.php?rest_route=%2Fwp%2Fv2%2Fcategories&post=6521"},{"taxonomy":"post_tag","embeddable":true,"href":"https:\/\/diarioelfederaense.com.ar\/index.php?rest_route=%2Fwp%2Fv2%2Ftags&post=6521"}],"curies":[{"name":"wp","href":"https:\/\/api.w.org\/{rel}","templated":true}]}}