{"id":6518,"date":"2025-12-25T23:31:16","date_gmt":"2025-12-26T02:31:16","guid":{"rendered":"https:\/\/diarioelfederaense.com.ar\/?p=6518"},"modified":"2025-12-25T23:31:17","modified_gmt":"2025-12-26T02:31:17","slug":"alarma-de-trabajadores-no-incluidos-en-un-decreto-que-renueva-contratos","status":"publish","type":"post","link":"https:\/\/diarioelfederaense.com.ar\/?p=6518","title":{"rendered":"Alarma de trabajadores no incluidos en un decreto que renueva contratos"},"content":{"rendered":"\n<p><a><\/a>Se trata del Decreto 3817, firmado el 20 de diciembre por Frigerio y Troncoso. Incluye un listado de 833 agentes a los que se renueva el contrato temporario con el Estado provincial. La preocupaci\u00f3n creci\u00f3 en distintas reparticiones por los trabajadores que no figuran en el listado.<\/p>\n\n\n\n<p>Por Decreto N\u00ba 3817, firmado el 20 de diciembre por el gobernador Rogelio Frigerio y el ministro de Gobierno, Manuel Troncoso, la provincia previ\u00f3 la renovaci\u00f3n de contratos a 833 agentes del Estado en distintas reparticiones.<\/p>\n\n\n\n<p>El anexo del decreto incluye el listado de nombres que por estas horas revisan los trabajadores estatales para saber si siguen teniendo su puesto laboral. La alarma crece entre quienes no figuran en la n\u00f3mina y se debaten entre la angustia por el eventual despido o la expectativa de figurar en alguna otra norma que ampl\u00ede el n\u00famero de beneficiados con la continuidad.<\/p>\n\n\n\n<p>En algunos casos, hubo aviso previo de la mala noticia. Fue el criterio en la Legislatura, por ejemplo. Pero hay agentes de las \u00e1reas de Producci\u00f3n, de Desarrollo Social, del Ministerio de Gobierno (m\u00e1s precisamente de las \u00e1reas de Derechos Humanos) que no fueron notificados de su posible cesant\u00eda. As\u00ed las cosas, indagan entre compa\u00f1eros de trabajo, consultan en otras \u00e1reas, preguntan en los gremios, vuelven a mirar el extenso listado, esperan noticias respecto del puesto al que est\u00e1n abocados, en la mayor\u00eda de los casos, hace bastante m\u00e1s de un d\u00e9cada.<\/p>\n\n\n\n<p>El decreto<\/p>\n\n\n\n<p>La norma de Frigerio y Troncoso afirma que \u201cla Secretar\u00eda General de la Gobernaci\u00f3n ha generado el expediente \u00fanico correspondiente\u201d que integra la documentaci\u00f3n prevista por la normativa vigente, incluyendo la solicitud de \u201clas autoridades m\u00e1ximas de cada jurisdicci\u00f3n, as\u00ed como las notas fundadas de los Ministros y Autoridades Superiores justificando la necesidad de mantener la operatividad y normal funcionamiento de las dependencias\u201d.<\/p>\n\n\n\n<p>Se menciona que intervino \u201cla Direcci\u00f3n General de Recursos Humanos verificando el correcto encasillamiento, tramo y categor\u00eda del personal cuya contrataci\u00f3n se interesa, as\u00ed como la inexistencia de incompatibilidades\u201d mientras que \u201cla Oficina Provincial de presupuesto ha informado que la Ley de Presupuesto del a\u00f1o 2026 contempla los recursos necesarios para afrontar las contrataciones interesadas\u201d y \u201cla Subsecretar\u00eda Legal y T\u00e9cnica de la Secretar\u00eda General de la Gobernaci\u00f3n ha emitido Dictamen N\u00b0 426\/25, no formulando objeciones legales para el dictado del acto administrativo correspondiente\u201d.<\/p>\n\n\n\n<p>Por art\u00edculo 1 se autoriza \u201cla contrataci\u00f3n del personal temporario correspondiente a organismos centralizados y entes descentralizados del Poder Ejecutivo Provincial, conforme el detalle obrante en los Anexos I y II\u201d para el per\u00edodo comprendido entre el 1\u00b0 de enero de 2026 y el 31 de diciembre de 2026, public\u00f3 P\u00e1gina Pol\u00edtica.<\/p>\n\n\n\n<p>Por art\u00edculo 2\u00b0 se autoriza a los ministros y m\u00e1ximas autoridades jurisdiccionales del Poder Ejecutivo Provincial a celebrar y suscribir los instrumentos contractuales correspondientes, debiendo respetarse estrictamente el encasillamiento escalafonario y las condiciones previstas en la normativa vigente\u201d. Lo previsto es que los nuevos contratos laborales sean firmados antes del 28 de febrero de 2026. (APFDigital)<\/p>\n","protected":false},"excerpt":{"rendered":"<p>Se trata del Decreto 3817, firmado el 20 de diciembre por Frigerio y Troncoso. Incluye un listado de 833 agentes a los que se renueva el contrato temporario con el Estado provincial. La preocupaci\u00f3n creci\u00f3 en distintas reparticiones por los trabajadores que no figuran en el listado. Por Decreto N\u00ba 3817, firmado el 20 de [&hellip;]<\/p>\n","protected":false},"author":2,"featured_media":6519,"comment_status":"closed","ping_status":"closed","sticky":false,"template":"","format":"standard","meta":{"_et_pb_use_builder":"","_et_pb_old_content":"","footnotes":""},"categories":[1],"tags":[],"class_list":["post-6518","post","type-post","status-publish","format-standard","has-post-thumbnail","hentry","category-sin-categoria"],"_links":{"self":[{"href":"https:\/\/diarioelfederaense.com.ar\/index.php?rest_route=\/wp\/v2\/posts\/6518"}],"collection":[{"href":"https:\/\/diarioelfederaense.com.ar\/index.php?rest_route=\/wp\/v2\/posts"}],"about":[{"href":"https:\/\/diarioelfederaense.com.ar\/index.php?rest_route=\/wp\/v2\/types\/post"}],"author":[{"embeddable":true,"href":"https:\/\/diarioelfederaense.com.ar\/index.php?rest_route=\/wp\/v2\/users\/2"}],"replies":[{"embeddable":true,"href":"https:\/\/diarioelfederaense.com.ar\/index.php?rest_route=%2Fwp%2Fv2%2Fcomments&post=6518"}],"version-history":[{"count":1,"href":"https:\/\/diarioelfederaense.com.ar\/index.php?rest_route=\/wp\/v2\/posts\/6518\/revisions"}],"predecessor-version":[{"id":6520,"href":"https:\/\/diarioelfederaense.com.ar\/index.php?rest_route=\/wp\/v2\/posts\/6518\/revisions\/6520"}],"wp:featuredmedia":[{"embeddable":true,"href":"https:\/\/diarioelfederaense.com.ar\/index.php?rest_route=\/wp\/v2\/media\/6519"}],"wp:attachment":[{"href":"https:\/\/diarioelfederaense.com.ar\/index.php?rest_route=%2Fwp%2Fv2%2Fmedia&parent=6518"}],"wp:term":[{"taxonomy":"category","embeddable":true,"href":"https:\/\/diarioelfederaense.com.ar\/index.php?rest_route=%2Fwp%2Fv2%2Fcategories&post=6518"},{"taxonomy":"post_tag","embeddable":true,"href":"https:\/\/diarioelfederaense.com.ar\/index.php?rest_route=%2Fwp%2Fv2%2Ftags&post=6518"}],"curies":[{"name":"wp","href":"https:\/\/api.w.org\/{rel}","templated":true}]}}