{"id":6515,"date":"2025-12-25T23:15:20","date_gmt":"2025-12-26T02:15:20","guid":{"rendered":"https:\/\/diarioelfederaense.com.ar\/?p=6515"},"modified":"2025-12-25T23:15:20","modified_gmt":"2025-12-26T02:15:20","slug":"exploto-el-verano-en-federacion","status":"publish","type":"post","link":"https:\/\/diarioelfederaense.com.ar\/?p=6515","title":{"rendered":"Explot\u00f3 el verano en Federaci\u00f3n"},"content":{"rendered":"\n<p>La ciudad de Federaci\u00f3n comenz\u00f3 a vivir a pleno la temporada de verano en el marco de las celebraciones navide\u00f1as, con una marcada presencia de turistas y vecinos que colmaron los principales espacios recreativos. Las playas Grande y Baly fueron los puntos m\u00e1s convocantes, mientras que el Complejo Termal, especialmente el parque acu\u00e1tico, tambi\u00e9n registr\u00f3 una gran afluencia de p\u00fablico.<\/p>\n\n\n\n<p><\/p>\n\n\n\n<p>De acuerdo a lo registrado por 7Paginas, el destino tur\u00edstico mostr\u00f3 claras se\u00f1ales de una temporada prometedora ya desde la Nochebuena, cuando tres restaurantes abrieron sus puertas para recibir a quienes eligieron Federaci\u00f3n para celebrar la Navidad. Este movimiento anticipa lo que podr\u00eda repetirse \u2014y potenciarse\u2014 durante la noche del 31 de diciembre y el 1\u00ba de enero.<\/p>\n\n\n\n<figure class=\"wp-block-image\"><a href=\"https:\/\/7paginas.com.ar\/wp-content\/uploads\/2025\/12\/Captura-de-pantalla-2025-12-25-204509.png\"><img decoding=\"async\" src=\"https:\/\/7paginas.com.ar\/wp-content\/uploads\/2025\/12\/Captura-de-pantalla-2025-12-25-204509-1024x455.png\" alt=\"\"\/><\/a><\/figure>\n\n\n\n<p>Sin dudas, las playas fueron el epicentro de la jornada. Playa Grande concentr\u00f3 la mayor cantidad de personas, con cada espacio ocupado por federaenses y visitantes. Playa Baly tambi\u00e9n tuvo una destacada concurrencia, mientras que Playa Sur recibi\u00f3 un n\u00famero menor, aunque constante, de veraneantes.<\/p>\n\n\n\n<p>Otro aspecto que llam\u00f3 la atenci\u00f3n fue la importante presencia de embarcaciones realizando actividades acu\u00e1ticas en el embalse del lago de Salto Grande, sumando movimiento y color a una jornada t\u00edpicamente veraniega.<\/p>\n\n\n\n<figure class=\"wp-block-image\"><a href=\"https:\/\/7paginas.com.ar\/wp-content\/uploads\/2025\/12\/Captura-de-pantalla-2025-12-25-204407.png\"><img decoding=\"async\" src=\"https:\/\/7paginas.com.ar\/wp-content\/uploads\/2025\/12\/Captura-de-pantalla-2025-12-25-204407-1024x529.png\" alt=\"\"\/><\/a><\/figure>\n\n\n\n<p>En paralelo, el parque termal ofreci\u00f3 un panorama muy positivo, con el parque acu\u00e1tico como principal atractivo para grandes y chicos, consolid\u00e1ndose como una de las opciones m\u00e1s elegidas para combatir el calor.<\/p>\n\n\n\n<p>Este escenario se presenta como un excelente anticipo de lo que ser\u00e1 la temporada de verano en Federaci\u00f3n. Varios alojamientos ya registran ocupaci\u00f3n plena, y se espera un importante arribo de turistas para el inicio de enero, con especial expectativa puesta en la Fiesta Nacional del Lago, uno de los eventos m\u00e1s relevantes del calendario tur\u00edstico local.<\/p>\n\n\n\n<p>Reducci\u00f3n de 7Paginas<\/p>\n","protected":false},"excerpt":{"rendered":"<p>La ciudad de Federaci\u00f3n comenz\u00f3 a vivir a pleno la temporada de verano en el marco de las celebraciones navide\u00f1as, con una marcada presencia de turistas y vecinos que colmaron los principales espacios recreativos. Las playas Grande y Baly fueron los puntos m\u00e1s convocantes, mientras que el Complejo Termal, especialmente el parque acu\u00e1tico, tambi\u00e9n registr\u00f3 [&hellip;]<\/p>\n","protected":false},"author":2,"featured_media":6516,"comment_status":"closed","ping_status":"closed","sticky":false,"template":"","format":"standard","meta":{"_et_pb_use_builder":"","_et_pb_old_content":"","footnotes":""},"categories":[1],"tags":[],"class_list":["post-6515","post","type-post","status-publish","format-standard","has-post-thumbnail","hentry","category-sin-categoria"],"_links":{"self":[{"href":"https:\/\/diarioelfederaense.com.ar\/index.php?rest_route=\/wp\/v2\/posts\/6515"}],"collection":[{"href":"https:\/\/diarioelfederaense.com.ar\/index.php?rest_route=\/wp\/v2\/posts"}],"about":[{"href":"https:\/\/diarioelfederaense.com.ar\/index.php?rest_route=\/wp\/v2\/types\/post"}],"author":[{"embeddable":true,"href":"https:\/\/diarioelfederaense.com.ar\/index.php?rest_route=\/wp\/v2\/users\/2"}],"replies":[{"embeddable":true,"href":"https:\/\/diarioelfederaense.com.ar\/index.php?rest_route=%2Fwp%2Fv2%2Fcomments&post=6515"}],"version-history":[{"count":1,"href":"https:\/\/diarioelfederaense.com.ar\/index.php?rest_route=\/wp\/v2\/posts\/6515\/revisions"}],"predecessor-version":[{"id":6517,"href":"https:\/\/diarioelfederaense.com.ar\/index.php?rest_route=\/wp\/v2\/posts\/6515\/revisions\/6517"}],"wp:featuredmedia":[{"embeddable":true,"href":"https:\/\/diarioelfederaense.com.ar\/index.php?rest_route=\/wp\/v2\/media\/6516"}],"wp:attachment":[{"href":"https:\/\/diarioelfederaense.com.ar\/index.php?rest_route=%2Fwp%2Fv2%2Fmedia&parent=6515"}],"wp:term":[{"taxonomy":"category","embeddable":true,"href":"https:\/\/diarioelfederaense.com.ar\/index.php?rest_route=%2Fwp%2Fv2%2Fcategories&post=6515"},{"taxonomy":"post_tag","embeddable":true,"href":"https:\/\/diarioelfederaense.com.ar\/index.php?rest_route=%2Fwp%2Fv2%2Ftags&post=6515"}],"curies":[{"name":"wp","href":"https:\/\/api.w.org\/{rel}","templated":true}]}}