{"id":6509,"date":"2025-12-24T13:23:10","date_gmt":"2025-12-24T16:23:10","guid":{"rendered":"https:\/\/diarioelfederaense.com.ar\/?p=6509"},"modified":"2025-12-24T13:23:11","modified_gmt":"2025-12-24T16:23:11","slug":"colonia-alemana-fue-declarada-comuna-por-la-camara-de-diputados","status":"publish","type":"post","link":"https:\/\/diarioelfederaense.com.ar\/?p=6509","title":{"rendered":"COLONIA ALEMANA FUE DECLARADA COMUNA POR LA C\u00c1MARA DE DIPUTADOS"},"content":{"rendered":"\n<p><a><\/a>El diputado provincial de la UCR \u2013 Juntos por Entre R\u00edos, Rub\u00e9n Rastelli, confirm\u00f3 que Colonia Alemana, departamento Federaci\u00f3n, fue declarada Comuna, tras la sanci\u00f3n de una ley aprobada este martes 23, durante la 11\u00aa Sesi\u00f3n Especial de la C\u00e1mara de Diputados de Entre R\u00edos, presidida por Gustavo Hein.<\/p>\n\n\n\n<p>La iniciativa corresponde al Expediente N\u00ba 28.920, que establece la jerarquizaci\u00f3n administrativa de 22 nuevas comunas, transformando 28 juntas de gobierno en comunas de primera y segunda categor\u00eda, conforme a datos poblacionales del \u00faltimo censo nacional.<\/p>\n\n\n\n<p>En di\u00e1logo con Informe Ciudadano, Rastelli record\u00f3 que la medida se enmarca en la reforma de la Constituci\u00f3n Provincial de 2008, y sostuvo que \u201ccon esta ley se cumple una manda constitucional largamente postergada y se adopta una decisi\u00f3n pol\u00edtica transformadora para numerosas localidades entrerrianas\u201d.<\/p>\n\n\n\n<p>El legislador remarc\u00f3 que la creaci\u00f3n de nuevas comunas \u201cno es solo un paso formal, sino un salto de calidad institucional, que avanza hacia una mayor equidad y justicia territorial\u201d, al tiempo que destac\u00f3 que la Constituci\u00f3n garantiza la organizaci\u00f3n democr\u00e1tica de los gobiernos locales y la asignaci\u00f3n de competencias y recursos.<\/p>\n\n\n\n<p>En ese sentido, record\u00f3 que la Ley N\u00ba 10.644 de R\u00e9gimen Comunal, sancionada en 2018, otorg\u00f3 a estas comunidades atribuciones fundamentales como dictar ordenanzas, realizar obras p\u00fablicas y prestar servicios b\u00e1sicos.<\/p>\n\n\n\n<p>\u201cEstamos brindando a localidades rurales y semirrurales herramientas reales para dejar atr\u00e1s la precariedad institucional y avanzar hacia una mayor autonom\u00eda de gesti\u00f3n\u201d, afirm\u00f3 Rastelli a Informe Ciudadano, concluyendo que la ley \u201cfortalece el federalismo interno y el desarrollo equilibrado de la provincia\u201d.<\/p>\n","protected":false},"excerpt":{"rendered":"<p>El diputado provincial de la UCR \u2013 Juntos por Entre R\u00edos, Rub\u00e9n Rastelli, confirm\u00f3 que Colonia Alemana, departamento Federaci\u00f3n, fue declarada Comuna, tras la sanci\u00f3n de una ley aprobada este martes 23, durante la 11\u00aa Sesi\u00f3n Especial de la C\u00e1mara de Diputados de Entre R\u00edos, presidida por Gustavo Hein. La iniciativa corresponde al Expediente N\u00ba [&hellip;]<\/p>\n","protected":false},"author":2,"featured_media":6510,"comment_status":"closed","ping_status":"closed","sticky":false,"template":"","format":"standard","meta":{"_et_pb_use_builder":"","_et_pb_old_content":"","footnotes":""},"categories":[1],"tags":[],"class_list":["post-6509","post","type-post","status-publish","format-standard","has-post-thumbnail","hentry","category-sin-categoria"],"_links":{"self":[{"href":"https:\/\/diarioelfederaense.com.ar\/index.php?rest_route=\/wp\/v2\/posts\/6509"}],"collection":[{"href":"https:\/\/diarioelfederaense.com.ar\/index.php?rest_route=\/wp\/v2\/posts"}],"about":[{"href":"https:\/\/diarioelfederaense.com.ar\/index.php?rest_route=\/wp\/v2\/types\/post"}],"author":[{"embeddable":true,"href":"https:\/\/diarioelfederaense.com.ar\/index.php?rest_route=\/wp\/v2\/users\/2"}],"replies":[{"embeddable":true,"href":"https:\/\/diarioelfederaense.com.ar\/index.php?rest_route=%2Fwp%2Fv2%2Fcomments&post=6509"}],"version-history":[{"count":1,"href":"https:\/\/diarioelfederaense.com.ar\/index.php?rest_route=\/wp\/v2\/posts\/6509\/revisions"}],"predecessor-version":[{"id":6511,"href":"https:\/\/diarioelfederaense.com.ar\/index.php?rest_route=\/wp\/v2\/posts\/6509\/revisions\/6511"}],"wp:featuredmedia":[{"embeddable":true,"href":"https:\/\/diarioelfederaense.com.ar\/index.php?rest_route=\/wp\/v2\/media\/6510"}],"wp:attachment":[{"href":"https:\/\/diarioelfederaense.com.ar\/index.php?rest_route=%2Fwp%2Fv2%2Fmedia&parent=6509"}],"wp:term":[{"taxonomy":"category","embeddable":true,"href":"https:\/\/diarioelfederaense.com.ar\/index.php?rest_route=%2Fwp%2Fv2%2Fcategories&post=6509"},{"taxonomy":"post_tag","embeddable":true,"href":"https:\/\/diarioelfederaense.com.ar\/index.php?rest_route=%2Fwp%2Fv2%2Ftags&post=6509"}],"curies":[{"name":"wp","href":"https:\/\/api.w.org\/{rel}","templated":true}]}}