{"id":6506,"date":"2025-12-23T17:57:03","date_gmt":"2025-12-23T20:57:03","guid":{"rendered":"https:\/\/diarioelfederaense.com.ar\/?p=6506"},"modified":"2025-12-23T17:57:04","modified_gmt":"2025-12-23T20:57:04","slug":"otro-golpe-para-ciudades-turisticas-como-la-nuestra-en-noviembre-la-cantidad-de-argentinos-que-viajaron-al-exterior-se-acelero-y-crecio-mas-de-15-anual","status":"publish","type":"post","link":"https:\/\/diarioelfederaense.com.ar\/?p=6506","title":{"rendered":"OTRO GOLPE PARA CIUDADES TUR\u00cdSTICAS COMO LA NUESTRA; en noviembre, la cantidad de argentinos que viajaron al exterior se aceler\u00f3 y creci\u00f3 m\u00e1s de 15% anual"},"content":{"rendered":"\n<p><a><\/a>El mes pasado, los argentinos que pudieron viajar al extranjero fueron un 15% m\u00e1s que en 2024. A su vez, cayeron en un 2,7% la llegada de turistas al pa\u00eds.<\/p>\n\n\n\n<p>El d\u00e9ficit de la balanza tur\u00edstica volvi\u00f3 a profundizarse. En noviembre, la cantidad de argentinos que viajaron al exterior creci\u00f3 un 15,3% interanual, mientras que la llegada de turistas extranjeros al pa\u00eds cay\u00f3 un 2,7% en la misma comparaci\u00f3n. As\u00ed lo inform\u00f3 este martes el Instituto Nacional de Estad\u00edstica y Censos (INDEC).<\/p>\n\n\n\n<p>Los residentes viajaron mayormente a Brasil y Chile, mientras que Uruguay, el resto de Am\u00e9rica, Europa y EEUU y Canad\u00e1 aparecen como destinos secundarios pero significativos. El 47% sali\u00f3 del pa\u00eds por v\u00eda a\u00e9rea, en tanto que el 35,3% lo hizo a trav\u00e9s de la frontera terrestre y el 11,9% por v\u00eda mar\u00edtima.<\/p>\n\n\n\n<p>Paralelamente, el ingreso de turistas provino centralmente desde Brasil y Europa, y en segundo lugar desde Uruguay, Chile y el resto de Am\u00e9rica. Las llegadas se concentraron principalmente por v\u00eda a\u00e9rea (52,9%) y v\u00eda terrestre (35,3%), seg\u00fan datos del INDEC.<\/p>\n\n\n\n<p>En noviembre, se registr\u00f3 un saldo negativo de 476,2 mil visitantes internacionales por todas las v\u00edas de acceso al pa\u00eds. Este resultado se explic\u00f3 por los saldos negativos de 272,4 mil turistas y 203,7 mil excursionistas.<\/p>\n","protected":false},"excerpt":{"rendered":"<p>El mes pasado, los argentinos que pudieron viajar al extranjero fueron un 15% m\u00e1s que en 2024. A su vez, cayeron en un 2,7% la llegada de turistas al pa\u00eds. El d\u00e9ficit de la balanza tur\u00edstica volvi\u00f3 a profundizarse. En noviembre, la cantidad de argentinos que viajaron al exterior creci\u00f3 un 15,3% interanual, mientras que [&hellip;]<\/p>\n","protected":false},"author":2,"featured_media":6507,"comment_status":"closed","ping_status":"closed","sticky":false,"template":"","format":"standard","meta":{"_et_pb_use_builder":"","_et_pb_old_content":"","footnotes":""},"categories":[1],"tags":[],"class_list":["post-6506","post","type-post","status-publish","format-standard","has-post-thumbnail","hentry","category-sin-categoria"],"_links":{"self":[{"href":"https:\/\/diarioelfederaense.com.ar\/index.php?rest_route=\/wp\/v2\/posts\/6506"}],"collection":[{"href":"https:\/\/diarioelfederaense.com.ar\/index.php?rest_route=\/wp\/v2\/posts"}],"about":[{"href":"https:\/\/diarioelfederaense.com.ar\/index.php?rest_route=\/wp\/v2\/types\/post"}],"author":[{"embeddable":true,"href":"https:\/\/diarioelfederaense.com.ar\/index.php?rest_route=\/wp\/v2\/users\/2"}],"replies":[{"embeddable":true,"href":"https:\/\/diarioelfederaense.com.ar\/index.php?rest_route=%2Fwp%2Fv2%2Fcomments&post=6506"}],"version-history":[{"count":1,"href":"https:\/\/diarioelfederaense.com.ar\/index.php?rest_route=\/wp\/v2\/posts\/6506\/revisions"}],"predecessor-version":[{"id":6508,"href":"https:\/\/diarioelfederaense.com.ar\/index.php?rest_route=\/wp\/v2\/posts\/6506\/revisions\/6508"}],"wp:featuredmedia":[{"embeddable":true,"href":"https:\/\/diarioelfederaense.com.ar\/index.php?rest_route=\/wp\/v2\/media\/6507"}],"wp:attachment":[{"href":"https:\/\/diarioelfederaense.com.ar\/index.php?rest_route=%2Fwp%2Fv2%2Fmedia&parent=6506"}],"wp:term":[{"taxonomy":"category","embeddable":true,"href":"https:\/\/diarioelfederaense.com.ar\/index.php?rest_route=%2Fwp%2Fv2%2Fcategories&post=6506"},{"taxonomy":"post_tag","embeddable":true,"href":"https:\/\/diarioelfederaense.com.ar\/index.php?rest_route=%2Fwp%2Fv2%2Ftags&post=6506"}],"curies":[{"name":"wp","href":"https:\/\/api.w.org\/{rel}","templated":true}]}}