{"id":6500,"date":"2025-12-23T14:17:24","date_gmt":"2025-12-23T17:17:24","guid":{"rendered":"https:\/\/diarioelfederaense.com.ar\/?p=6500"},"modified":"2025-12-23T14:17:24","modified_gmt":"2025-12-23T17:17:24","slug":"fatalidad-en-misiones-tres-personas-de-curuzu-fallecieron-tras-violento-choque","status":"publish","type":"post","link":"https:\/\/diarioelfederaense.com.ar\/?p=6500","title":{"rendered":"Fatalidad en Misiones: tres personas de Curuz\u00fa fallecieron tras violento choque"},"content":{"rendered":"\n<p>Un fatal siniestro vial ocurri\u00f3 este lunes cerca de las 16 horas sobre la Ruta Nacional N\u00ba 12, a la altura del kil\u00f3metro 1397, en jurisdicci\u00f3n de San Ignacio. El choque se produjo en un sector de curva ubicado frente a una estaci\u00f3n de servicios y gener\u00f3 una escena de extrema gravedad que deriv\u00f3 en la muerte de cuatro personas y dej\u00f3 varios heridos de consideraci\u00f3n.<\/p>\n\n\n\n<p>De acuerdo con la informaci\u00f3n oficial, en el hecho se vieron involucrados un autom\u00f3vil Peugeot 208, una camioneta Toyota Hilux que arrastraba un tr\u00e1iler de dos ejes y una motocicleta Bajaj 220 cc. Todos los veh\u00edculos circulaban en sentido Posadas\u2013Puerto Iguaz\u00fa cuando, por causas que a\u00fan se investigan, colisionaron violentamente.<\/p>\n\n\n\n<p>Como consecuencia del impacto, cuatro personas que viajaban como acompa\u00f1antes en el Peugeot 208 fallecieron en el lugar. La Polic\u00eda de Misiones confirm\u00f3 horas m\u00e1s tarde la identidad de las v\u00edctimas fatales, quienes murieron de manera instant\u00e1nea debido a la magnitud del choque.<\/p>\n\n\n\n<figure class=\"wp-block-image\"><img decoding=\"async\" src=\"https:\/\/chajarialdia.com.ar\/wp-content\/uploads\/2025\/12\/WhatsApp-Image-2025-12-23-at-11.19.11-1.jpeg\" alt=\"\" class=\"wp-image-305506\"\/><\/figure>\n\n\n\n<p>Las personas fallecidas fueron identificadas como Lidia Alfonso, de 62 a\u00f1os, domiciliada en San Miguel, provincia de Buenos Aires; Yesica Carmen Vidal, de 38 a\u00f1os; Mahia Victoria Seles, de 13; y Nina Seles, de 3. Estas \u00faltimas tres v\u00edctimas ten\u00edan residencia en Curuz\u00fa Cuati\u00e1, provincia de Corrientes. Todas viajaban en el mismo veh\u00edculo y quedaron atrapadas entre los hierros retorcidos tras la colisi\u00f3n.<\/p>\n\n\n\n<p>Adem\u00e1s, varias personas resultaron lesionadas y debieron ser asistidas de urgencia por personal sanitario. Entre los heridos se encontraban el conductor del Peugeot 208, un hombre de 42 a\u00f1os; una ni\u00f1a de 4 a\u00f1os que viajaba en el mismo autom\u00f3vil; el conductor de la camioneta Toyota Hilux; y el motociclista involucrado en el siniestro. Todos fueron trasladados a distintos centros de salud de la zona para su evaluaci\u00f3n y tratamiento.<\/p>\n\n\n\n<p>En el lugar trabajaron efectivos policiales, personal especializado de Criminal\u00edstica y autoridades judiciales, quienes realizaron las pericias correspondientes para determinar la mec\u00e1nica del accidente. Las actuaciones quedaron a cargo de la Justicia, que busca establecer responsabilidades y las causas que derivaron en esta tragedia vial.<\/p>\n","protected":false},"excerpt":{"rendered":"<p>Un fatal siniestro vial ocurri\u00f3 este lunes cerca de las 16 horas sobre la Ruta Nacional N\u00ba 12, a la altura del kil\u00f3metro 1397, en jurisdicci\u00f3n de San Ignacio. El choque se produjo en un sector de curva ubicado frente a una estaci\u00f3n de servicios y gener\u00f3 una escena de extrema gravedad que deriv\u00f3 en [&hellip;]<\/p>\n","protected":false},"author":2,"featured_media":6501,"comment_status":"closed","ping_status":"closed","sticky":false,"template":"","format":"standard","meta":{"_et_pb_use_builder":"","_et_pb_old_content":"","footnotes":""},"categories":[1],"tags":[],"class_list":["post-6500","post","type-post","status-publish","format-standard","has-post-thumbnail","hentry","category-sin-categoria"],"_links":{"self":[{"href":"https:\/\/diarioelfederaense.com.ar\/index.php?rest_route=\/wp\/v2\/posts\/6500"}],"collection":[{"href":"https:\/\/diarioelfederaense.com.ar\/index.php?rest_route=\/wp\/v2\/posts"}],"about":[{"href":"https:\/\/diarioelfederaense.com.ar\/index.php?rest_route=\/wp\/v2\/types\/post"}],"author":[{"embeddable":true,"href":"https:\/\/diarioelfederaense.com.ar\/index.php?rest_route=\/wp\/v2\/users\/2"}],"replies":[{"embeddable":true,"href":"https:\/\/diarioelfederaense.com.ar\/index.php?rest_route=%2Fwp%2Fv2%2Fcomments&post=6500"}],"version-history":[{"count":1,"href":"https:\/\/diarioelfederaense.com.ar\/index.php?rest_route=\/wp\/v2\/posts\/6500\/revisions"}],"predecessor-version":[{"id":6502,"href":"https:\/\/diarioelfederaense.com.ar\/index.php?rest_route=\/wp\/v2\/posts\/6500\/revisions\/6502"}],"wp:featuredmedia":[{"embeddable":true,"href":"https:\/\/diarioelfederaense.com.ar\/index.php?rest_route=\/wp\/v2\/media\/6501"}],"wp:attachment":[{"href":"https:\/\/diarioelfederaense.com.ar\/index.php?rest_route=%2Fwp%2Fv2%2Fmedia&parent=6500"}],"wp:term":[{"taxonomy":"category","embeddable":true,"href":"https:\/\/diarioelfederaense.com.ar\/index.php?rest_route=%2Fwp%2Fv2%2Fcategories&post=6500"},{"taxonomy":"post_tag","embeddable":true,"href":"https:\/\/diarioelfederaense.com.ar\/index.php?rest_route=%2Fwp%2Fv2%2Ftags&post=6500"}],"curies":[{"name":"wp","href":"https:\/\/api.w.org\/{rel}","templated":true}]}}