{"id":6497,"date":"2025-12-23T14:16:46","date_gmt":"2025-12-23T17:16:46","guid":{"rendered":"https:\/\/diarioelfederaense.com.ar\/?p=6497"},"modified":"2025-12-23T14:16:47","modified_gmt":"2025-12-23T17:16:47","slug":"el-oficialismo-aprobo-la-ordenanza-tributaria-y-el-presupuesto-2026","status":"publish","type":"post","link":"https:\/\/diarioelfederaense.com.ar\/?p=6497","title":{"rendered":"EL OFICIALISMO APROB\u00d3 LA ORDENANZA TRIBUTARIA Y EL PRESUPUESTO 2026"},"content":{"rendered":"\n<p><a><\/a>En la noche de este jueves, el Concejo Deliberante de Federaci\u00f3n trat\u00f3 y aprob\u00f3 los Proyectos de Ordenanza del Presupuesto y la Tributaria 2026 enviado por el Departamento Ejecutivo Municipal, ambos aprobados por el bloque oficialista con sus seis votos. La iniciativa no cont\u00f3 con el acompa\u00f1amiento del bloque de la UCR \u201cJuntos por Entre R\u00edos.<\/p>\n\n\n\n<p>\u201d3) DECRETO N\u00b0 1.133-D.E. Ad-Refer\u00e9ndum del H.C.D. adhiriendo al Acta Acuerdo, con la Provincia, estableciendo 6% como contribuci\u00f3n \u00fanica municipal aplicable a Distribuidoras El\u00e9ctricas que operen en jurisdicci\u00f3n del Municipio de Federaci\u00f3n.- Se ratifica sobre tablas y por unanimidad.-<\/p>\n\n\n\n<p>4\u00ba) DECRETO N\u00b0 1.135-D.E. Ad-Refer\u00e9ndum del H.C.D., disponiendo la extensi\u00f3n horaria de finalizaci\u00f3n de espect\u00e1culos musicales o bailables, desde el 23\/12\/2025 al 31\/03\/2026.- Se ratifica sobre tablas y por unanimidad.-<\/p>\n\n\n\n<p>5\u00ba) DICTAMEN de COMISION<\/p>\n\n\n\n<p>Aprobar, con modificaciones, PROYECTO de ORDENANZA del Departamento Ejecutivo, Ordenanza Tributaria Anual &#8211; Periodo Fiscal a\u00f1o 2.026.- Se aprueba por mayor\u00eda.-<\/p>\n\n\n\n<p>6\u00ba) DICTAMEN de COMISION<\/p>\n\n\n\n<p>Aprobar, PROYECTO de ORDENANZA, del Departamento Ejecutivo, \u201cCalculo de Recursos y Presupuesto de Gastos -2026\u201d.- Se aprueba por mayor\u00eda.-<\/p>\n\n\n\n<p>7\u00ba) DICTAMEN de COMISI\u00d3N<\/p>\n\n\n\n<p>Aprobar, PROYECTO de ORDENANZA del Departamento Ejecutivo, creando el R\u00e9gimen de Regulaci\u00f3n de Edificaciones fuera de reglamentaci\u00f3n vigente.- Se aprueba por unanimidad.-<\/p>\n\n\n\n<p>8\u00ba) PROYECTO de ORDENANZA, del Departamento Ejecutivo, autorizando la desafectaci\u00f3n transitoria de fondos afectados para el pago de SAC y aportes a la Caja.- Se aprueba por unanimidad, sobre tablas y con modificaciones.-<\/p>\n","protected":false},"excerpt":{"rendered":"<p>En la noche de este jueves, el Concejo Deliberante de Federaci\u00f3n trat\u00f3 y aprob\u00f3 los Proyectos de Ordenanza del Presupuesto y la Tributaria 2026 enviado por el Departamento Ejecutivo Municipal, ambos aprobados por el bloque oficialista con sus seis votos. La iniciativa no cont\u00f3 con el acompa\u00f1amiento del bloque de la UCR \u201cJuntos por Entre [&hellip;]<\/p>\n","protected":false},"author":2,"featured_media":6498,"comment_status":"closed","ping_status":"closed","sticky":false,"template":"","format":"standard","meta":{"_et_pb_use_builder":"","_et_pb_old_content":"","footnotes":""},"categories":[1],"tags":[],"class_list":["post-6497","post","type-post","status-publish","format-standard","has-post-thumbnail","hentry","category-sin-categoria"],"_links":{"self":[{"href":"https:\/\/diarioelfederaense.com.ar\/index.php?rest_route=\/wp\/v2\/posts\/6497"}],"collection":[{"href":"https:\/\/diarioelfederaense.com.ar\/index.php?rest_route=\/wp\/v2\/posts"}],"about":[{"href":"https:\/\/diarioelfederaense.com.ar\/index.php?rest_route=\/wp\/v2\/types\/post"}],"author":[{"embeddable":true,"href":"https:\/\/diarioelfederaense.com.ar\/index.php?rest_route=\/wp\/v2\/users\/2"}],"replies":[{"embeddable":true,"href":"https:\/\/diarioelfederaense.com.ar\/index.php?rest_route=%2Fwp%2Fv2%2Fcomments&post=6497"}],"version-history":[{"count":1,"href":"https:\/\/diarioelfederaense.com.ar\/index.php?rest_route=\/wp\/v2\/posts\/6497\/revisions"}],"predecessor-version":[{"id":6499,"href":"https:\/\/diarioelfederaense.com.ar\/index.php?rest_route=\/wp\/v2\/posts\/6497\/revisions\/6499"}],"wp:featuredmedia":[{"embeddable":true,"href":"https:\/\/diarioelfederaense.com.ar\/index.php?rest_route=\/wp\/v2\/media\/6498"}],"wp:attachment":[{"href":"https:\/\/diarioelfederaense.com.ar\/index.php?rest_route=%2Fwp%2Fv2%2Fmedia&parent=6497"}],"wp:term":[{"taxonomy":"category","embeddable":true,"href":"https:\/\/diarioelfederaense.com.ar\/index.php?rest_route=%2Fwp%2Fv2%2Fcategories&post=6497"},{"taxonomy":"post_tag","embeddable":true,"href":"https:\/\/diarioelfederaense.com.ar\/index.php?rest_route=%2Fwp%2Fv2%2Ftags&post=6497"}],"curies":[{"name":"wp","href":"https:\/\/api.w.org\/{rel}","templated":true}]}}