{"id":6488,"date":"2025-12-21T14:41:51","date_gmt":"2025-12-21T17:41:51","guid":{"rendered":"https:\/\/diarioelfederaense.com.ar\/?p=6488"},"modified":"2025-12-21T14:41:52","modified_gmt":"2025-12-21T17:41:52","slug":"ojo-peluquitas-reconocida-textil-cerro-una-linea-de-confeccion-y-echo-a-62-trabajadores","status":"publish","type":"post","link":"https:\/\/diarioelfederaense.com.ar\/?p=6488","title":{"rendered":"OJO PELUQUITAS!!! Reconocida textil cerr\u00f3 una l\u00ednea de confecci\u00f3n y ech\u00f3 a 62 trabajadores"},"content":{"rendered":"\n<p><a><\/a>El proceso de crisis que atraviesa la industria textil argentina sum\u00f3 en los \u00faltimos d\u00edas un nuevo episodio, con el cierre de una l\u00ednea de confecci\u00f3n de ropa deportiva perteneciente a TN &amp; Platex, una de las firmas m\u00e1s relevantes del sector. La medida implic\u00f3 la desvinculaci\u00f3n de 50 trabajadores y la no renovaci\u00f3n de 12 contratos laborales, en un contexto marcado por la ca\u00edda de ventas, la presi\u00f3n de las importaciones y el deterioro sostenido de la producci\u00f3n nacional.<\/p>\n\n\n\n<p>La decisi\u00f3n fue comunicada en el complejo fabril que la empresa mantiene en la provincia de La Rioja y confirmada por fuentes de la compa\u00f1\u00eda. Seg\u00fan se inform\u00f3, el cierre afect\u00f3 exclusivamente a la l\u00ednea de confecci\u00f3n de indumentaria, sin implicar el cese total de las operaciones en esa jurisdicci\u00f3n.<\/p>\n\n\n\n<p>Pese al recorte, TN &amp; Platex continuar\u00e1 operando en La Rioja con las \u00e1reas de hilander\u00eda y tejedur\u00eda, sosteniendo parte de su estructura productiva en la provincia. La firma abastec\u00eda tanto a marcas propias, como DFAC y Xpirit, como a terceros, cubriendo distintos segmentos del mercado interno.<\/p>\n\n\n\n<p>Desde la empresa se\u00f1alaron que la medida se inscribe dentro de un plan de \u201cadecuaci\u00f3n operativa\u201d, dise\u00f1ado para enfrentar los \u201cdesaf\u00edos del sector\u201d y ajustar los niveles de producci\u00f3n a la demanda actual. El cierre de la l\u00ednea de confecci\u00f3n se produjo luego de una abrupta ca\u00edda de la actividad textil y de un marcado deterioro del consumo en los \u00faltimos meses.<\/p>\n\n\n\n<p>Antecedentes recientes en otras plantas<\/p>\n\n\n\n<p>El caso de La Rioja no es un hecho aislado dentro del grupo empresario. En noviembre pasado, TN &amp; Platex llev\u00f3 adelante una reestructuraci\u00f3n en su planta ubicada en Monte Caseros, donde se redujo la fabricaci\u00f3n de prendas deportivas y ropa interior de la l\u00ednea Seamless, indic\u00f3 el sitio Ahora.<\/p>\n\n\n\n<p>Ese ajuste deriv\u00f3 en 17 despidos directos, adem\u00e1s de la no continuidad de otros nueve contratos a plazo fijo que venc\u00edan a fin de mes. Seg\u00fan trascendi\u00f3, la reestructuraci\u00f3n estuvo vinculada al traslado de maquinaria desde otras provincias, lo que oblig\u00f3 a modificar la organizaci\u00f3n del personal.<\/p>\n\n\n\n<p>Meses antes, la compa\u00f1\u00eda hab\u00eda decidido cerrar la hilander\u00eda que operaba en Catamarca, manteniendo all\u00ed \u00fanicamente tareas de confecci\u00f3n destinadas al sector minero. Parte del equipamiento fue trasladado a las instalaciones correntinas como parte de un proceso de reorganizaci\u00f3n productiva.<\/p>\n\n\n\n<p>\u201cEl grupo cuenta con f\u00e1bricas en Monte Caseros, Corrientes, Tucum\u00e1n, La Rioja, Catamarca y oficinas en Vicente L\u00f3pez. Estamos reubicando l\u00edneas productivas para buscar la mayor eficiencia posible\u201d, explicaron desde la firma.<\/p>\n","protected":false},"excerpt":{"rendered":"<p>El proceso de crisis que atraviesa la industria textil argentina sum\u00f3 en los \u00faltimos d\u00edas un nuevo episodio, con el cierre de una l\u00ednea de confecci\u00f3n de ropa deportiva perteneciente a TN &amp; Platex, una de las firmas m\u00e1s relevantes del sector. La medida implic\u00f3 la desvinculaci\u00f3n de 50 trabajadores y la no renovaci\u00f3n de [&hellip;]<\/p>\n","protected":false},"author":2,"featured_media":6489,"comment_status":"closed","ping_status":"closed","sticky":false,"template":"","format":"standard","meta":{"_et_pb_use_builder":"","_et_pb_old_content":"","footnotes":""},"categories":[1],"tags":[],"class_list":["post-6488","post","type-post","status-publish","format-standard","has-post-thumbnail","hentry","category-sin-categoria"],"_links":{"self":[{"href":"https:\/\/diarioelfederaense.com.ar\/index.php?rest_route=\/wp\/v2\/posts\/6488"}],"collection":[{"href":"https:\/\/diarioelfederaense.com.ar\/index.php?rest_route=\/wp\/v2\/posts"}],"about":[{"href":"https:\/\/diarioelfederaense.com.ar\/index.php?rest_route=\/wp\/v2\/types\/post"}],"author":[{"embeddable":true,"href":"https:\/\/diarioelfederaense.com.ar\/index.php?rest_route=\/wp\/v2\/users\/2"}],"replies":[{"embeddable":true,"href":"https:\/\/diarioelfederaense.com.ar\/index.php?rest_route=%2Fwp%2Fv2%2Fcomments&post=6488"}],"version-history":[{"count":1,"href":"https:\/\/diarioelfederaense.com.ar\/index.php?rest_route=\/wp\/v2\/posts\/6488\/revisions"}],"predecessor-version":[{"id":6490,"href":"https:\/\/diarioelfederaense.com.ar\/index.php?rest_route=\/wp\/v2\/posts\/6488\/revisions\/6490"}],"wp:featuredmedia":[{"embeddable":true,"href":"https:\/\/diarioelfederaense.com.ar\/index.php?rest_route=\/wp\/v2\/media\/6489"}],"wp:attachment":[{"href":"https:\/\/diarioelfederaense.com.ar\/index.php?rest_route=%2Fwp%2Fv2%2Fmedia&parent=6488"}],"wp:term":[{"taxonomy":"category","embeddable":true,"href":"https:\/\/diarioelfederaense.com.ar\/index.php?rest_route=%2Fwp%2Fv2%2Fcategories&post=6488"},{"taxonomy":"post_tag","embeddable":true,"href":"https:\/\/diarioelfederaense.com.ar\/index.php?rest_route=%2Fwp%2Fv2%2Ftags&post=6488"}],"curies":[{"name":"wp","href":"https:\/\/api.w.org\/{rel}","templated":true}]}}