{"id":6485,"date":"2025-12-21T14:31:43","date_gmt":"2025-12-21T17:31:43","guid":{"rendered":"https:\/\/diarioelfederaense.com.ar\/?p=6485"},"modified":"2025-12-21T14:31:44","modified_gmt":"2025-12-21T17:31:44","slug":"un-nuevo-parte-medico-informo-como-continua-el-menor-rescatado-en-termas-de-federacion","status":"publish","type":"post","link":"https:\/\/diarioelfederaense.com.ar\/?p=6485","title":{"rendered":"Un nuevo parte m\u00e9dico inform\u00f3 c\u00f3mo contin\u00faa el menor rescatado en Termas de Federaci\u00f3n"},"content":{"rendered":"\n<h2 class=\"wp-block-heading\">El peque\u00f1o rescatado en el parque termal de la regi\u00f3n permanece internado en terapia intensiva pedi\u00e1trica del hospital Masvernat, con asistencia respiratoria mec\u00e1nica y en estado grave.<\/h2>\n\n\n\n<p>21 de Diciembre de 2025<\/p>\n\n\n\n<p><a target=\"_blank\" href=\"https:\/\/api.whatsapp.com\/send?text=Un%20nuevo%20parte%20m%C3%A9dico%20inform%C3%B3%20c%C3%B3mo%20contin%C3%BAa%20el%20menor%20rescatado%20en%20Termas%20de%20Federaci%C3%B3n%20-%20https:\/\/diarioriouruguay.com\/policiales\/\/un-nuevo-parte-medico-informo-como-continua-el-menor-rescatado-en-termas-de-federacion.htm\" rel=\"noreferrer noopener\"><\/a><a href=\"https:\/\/diarioriouruguay.com\/policiales\/un-nuevo-parte-medico-informo-como-continua-el-menor-rescatado-en-termas-de-federacion.htm#\"><\/a><a href=\"javascript:copyLink('aviso', 'URL Copiada');\"><\/a><a href=\"https:\/\/diarioriouruguay.com\/policiales\/un-nuevo-parte-medico-informo-como-continua-el-menor-rescatado-en-termas-de-federacion.htm#\"><\/a><a target=\"_blank\" href=\"\/\/diarioriouruguay.com\/policiales\/\/un-nuevo-parte-medico-informo-como-continua-el-menor-rescatado-en-termas-de-federacion.htm\" rel=\"noreferrer noopener\"><\/a><a href=\"https:\/\/diarioriouruguay.com\/policiales\/un-nuevo-parte-medico-informo-como-continua-el-menor-rescatado-en-termas-de-federacion.htm#comentarios\"><\/a><\/p>\n\n\n\n<figure class=\"wp-block-image\"><img decoding=\"async\" src=\"https:\/\/diarioriouruguay.com\/galeria\/fotos\/2018\/06\/02\/l_1527957734.jpg\" alt=\"Se aguarda conocer la evoluci\u00f3n cl\u00ednica del paciente, en las pr\u00f3ximas horas.\" title=\"Se aguarda conocer la evoluci\u00f3n cl\u00ednica del paciente, en las pr\u00f3ximas horas.\"\/><figcaption class=\"wp-element-caption\">Se aguarda conocer la evoluci\u00f3n cl\u00ednica del paciente, en las pr\u00f3ximas horas.<\/figcaption><\/figure>\n\n\n\n<p>Menor ahogado en Federaci\u00f3n. De acuerdo a la informaci\u00f3n proporciona a Diario R\u00edo Uruguay desde el hospital Delicia Concepci\u00f3n Masvernat, la evoluci\u00f3n del menor que fue rescatado tras un episodio de ahogamiento en el complejo termal de Federaci\u00f3n, no ha sufrido cambios.<\/p>\n\n\n\n<p>El ni\u00f1o contin\u00faa con asistencia mec\u00e1nica respiratoria, internado en la Unidad de Terapia Intensiva Pedi\u00e1trica y su estado de salud es grave, permaneciendo bajo estricta observaci\u00f3n m\u00e9dica.<\/p>\n\n\n\n<figure class=\"wp-block-image\"><a href=\"https:\/\/www.enersa.com.ar\/\" target=\"_blank\" rel=\"noreferrer noopener\"><img decoding=\"async\" src=\"https:\/\/diarioriouruguay.com\/galeria\/publicidad\/1763461041.gif\" alt=\"\"\/><\/a><\/figure>\n\n\n\n<h3 class=\"wp-block-heading\">El hecho<\/h3>\n\n\n\n<p>Ocurri\u00f3 d\u00edas atr\u00e1s en un parque termal de la ciudad de Federaci\u00f3n, donde el menor fue rescatado del agua por personal de guardavidas y trasladado de urgencia para su atenci\u00f3n. Desde entonces, permanece internado en el nosocomio concordiense, donde es monitoreado de manera permanente por el equipo m\u00e9dico.<\/p>\n\n\n\n<p>Las autoridades sanitarias indicaron que se aguarda conocer la evoluci\u00f3n cl\u00ednica del paciente, en las pr\u00f3ximas horas.<\/p>\n","protected":false},"excerpt":{"rendered":"<p>El peque\u00f1o rescatado en el parque termal de la regi\u00f3n permanece internado en terapia intensiva pedi\u00e1trica del hospital Masvernat, con asistencia respiratoria mec\u00e1nica y en estado grave. 21 de Diciembre de 2025 Menor ahogado en Federaci\u00f3n. De acuerdo a la informaci\u00f3n proporciona a Diario R\u00edo Uruguay desde el hospital Delicia Concepci\u00f3n Masvernat, la evoluci\u00f3n del [&hellip;]<\/p>\n","protected":false},"author":2,"featured_media":6486,"comment_status":"closed","ping_status":"closed","sticky":false,"template":"","format":"standard","meta":{"_et_pb_use_builder":"","_et_pb_old_content":"","footnotes":""},"categories":[1],"tags":[],"class_list":["post-6485","post","type-post","status-publish","format-standard","has-post-thumbnail","hentry","category-sin-categoria"],"_links":{"self":[{"href":"https:\/\/diarioelfederaense.com.ar\/index.php?rest_route=\/wp\/v2\/posts\/6485"}],"collection":[{"href":"https:\/\/diarioelfederaense.com.ar\/index.php?rest_route=\/wp\/v2\/posts"}],"about":[{"href":"https:\/\/diarioelfederaense.com.ar\/index.php?rest_route=\/wp\/v2\/types\/post"}],"author":[{"embeddable":true,"href":"https:\/\/diarioelfederaense.com.ar\/index.php?rest_route=\/wp\/v2\/users\/2"}],"replies":[{"embeddable":true,"href":"https:\/\/diarioelfederaense.com.ar\/index.php?rest_route=%2Fwp%2Fv2%2Fcomments&post=6485"}],"version-history":[{"count":1,"href":"https:\/\/diarioelfederaense.com.ar\/index.php?rest_route=\/wp\/v2\/posts\/6485\/revisions"}],"predecessor-version":[{"id":6487,"href":"https:\/\/diarioelfederaense.com.ar\/index.php?rest_route=\/wp\/v2\/posts\/6485\/revisions\/6487"}],"wp:featuredmedia":[{"embeddable":true,"href":"https:\/\/diarioelfederaense.com.ar\/index.php?rest_route=\/wp\/v2\/media\/6486"}],"wp:attachment":[{"href":"https:\/\/diarioelfederaense.com.ar\/index.php?rest_route=%2Fwp%2Fv2%2Fmedia&parent=6485"}],"wp:term":[{"taxonomy":"category","embeddable":true,"href":"https:\/\/diarioelfederaense.com.ar\/index.php?rest_route=%2Fwp%2Fv2%2Fcategories&post=6485"},{"taxonomy":"post_tag","embeddable":true,"href":"https:\/\/diarioelfederaense.com.ar\/index.php?rest_route=%2Fwp%2Fv2%2Ftags&post=6485"}],"curies":[{"name":"wp","href":"https:\/\/api.w.org\/{rel}","templated":true}]}}