{"id":6482,"date":"2025-12-20T15:01:51","date_gmt":"2025-12-20T18:01:51","guid":{"rendered":"https:\/\/diarioelfederaense.com.ar\/?p=6482"},"modified":"2025-12-20T15:01:52","modified_gmt":"2025-12-20T18:01:52","slug":"comenzo-el-campeonato-nocturno-de-los-barrios","status":"publish","type":"post","link":"https:\/\/diarioelfederaense.com.ar\/?p=6482","title":{"rendered":"COMENZ\u00d3 EL CAMPEONATO NOCTURNO DE LOS BARRIOS"},"content":{"rendered":"\n<p><a><\/a>En la noche de este viernes 19, desde las 21 horas, comenz\u00f3 en el Club Social Federaci\u00f3n el Campeonato Nocturno de los Barrios \u2013 Edici\u00f3n 2025\/2026, con la participaci\u00f3n de 16 equipos.<\/p>\n\n\n\n<p>El partido inaugural fue protagonizado por Telecoper y Salto Grande, marcando el inicio de una nueva temporada del tradicional certamen barrial.<\/p>\n\n\n\n<p>Durante la jornada inaugural se entregaron distinciones a los equipos mejor presentados:<\/p>\n\n\n\n<p><img loading=\"lazy\" decoding=\"async\" height=\"16\" width=\"16\" alt=\"\ud83e\udd47\" src=\"https:\/\/static.xx.fbcdn.net\/images\/emoji.php\/v9\/t94\/1\/16\/1f947.png\"> 1\u00b0 puesto: La Quinta<\/p>\n\n\n\n<p><img loading=\"lazy\" decoding=\"async\" height=\"16\" width=\"16\" alt=\"\ud83e\udd48\" src=\"https:\/\/static.xx.fbcdn.net\/images\/emoji.php\/v9\/t15\/1\/16\/1f948.png\"> 2\u00b0 puesto: Salto Grande<\/p>\n\n\n\n<p>Adem\u00e1s, se destac\u00f3 que la Copa Challenger de esta edici\u00f3n lleva el nombre de Horacio \u201cEl Turco\u201d Cecco, en reconocimiento a su trayectoria y aporte al f\u00fatbol barrial.<\/p>\n\n\n\n<p>Como parte de la propuesta para el p\u00fablico, con la entrada se realiz\u00f3 el sorteo de una bicicleta, sumando atractivo y participaci\u00f3n de los asistentes. (Informe Ciudadano)<\/p>\n\n\n\n<p><img loading=\"lazy\" decoding=\"async\" height=\"16\" width=\"16\" alt=\"\ud83d\udcf8\" src=\"https:\/\/static.xx.fbcdn.net\/images\/emoji.php\/v9\/tde\/1\/16\/1f4f8.png\"> Fotos: Toni Piselli<\/p>\n","protected":false},"excerpt":{"rendered":"<p>En la noche de este viernes 19, desde las 21 horas, comenz\u00f3 en el Club Social Federaci\u00f3n el Campeonato Nocturno de los Barrios \u2013 Edici\u00f3n 2025\/2026, con la participaci\u00f3n de 16 equipos. El partido inaugural fue protagonizado por Telecoper y Salto Grande, marcando el inicio de una nueva temporada del tradicional certamen barrial. Durante la [&hellip;]<\/p>\n","protected":false},"author":2,"featured_media":6483,"comment_status":"closed","ping_status":"closed","sticky":false,"template":"","format":"standard","meta":{"_et_pb_use_builder":"","_et_pb_old_content":"","footnotes":""},"categories":[1],"tags":[],"class_list":["post-6482","post","type-post","status-publish","format-standard","has-post-thumbnail","hentry","category-sin-categoria"],"_links":{"self":[{"href":"https:\/\/diarioelfederaense.com.ar\/index.php?rest_route=\/wp\/v2\/posts\/6482"}],"collection":[{"href":"https:\/\/diarioelfederaense.com.ar\/index.php?rest_route=\/wp\/v2\/posts"}],"about":[{"href":"https:\/\/diarioelfederaense.com.ar\/index.php?rest_route=\/wp\/v2\/types\/post"}],"author":[{"embeddable":true,"href":"https:\/\/diarioelfederaense.com.ar\/index.php?rest_route=\/wp\/v2\/users\/2"}],"replies":[{"embeddable":true,"href":"https:\/\/diarioelfederaense.com.ar\/index.php?rest_route=%2Fwp%2Fv2%2Fcomments&post=6482"}],"version-history":[{"count":1,"href":"https:\/\/diarioelfederaense.com.ar\/index.php?rest_route=\/wp\/v2\/posts\/6482\/revisions"}],"predecessor-version":[{"id":6484,"href":"https:\/\/diarioelfederaense.com.ar\/index.php?rest_route=\/wp\/v2\/posts\/6482\/revisions\/6484"}],"wp:featuredmedia":[{"embeddable":true,"href":"https:\/\/diarioelfederaense.com.ar\/index.php?rest_route=\/wp\/v2\/media\/6483"}],"wp:attachment":[{"href":"https:\/\/diarioelfederaense.com.ar\/index.php?rest_route=%2Fwp%2Fv2%2Fmedia&parent=6482"}],"wp:term":[{"taxonomy":"category","embeddable":true,"href":"https:\/\/diarioelfederaense.com.ar\/index.php?rest_route=%2Fwp%2Fv2%2Fcategories&post=6482"},{"taxonomy":"post_tag","embeddable":true,"href":"https:\/\/diarioelfederaense.com.ar\/index.php?rest_route=%2Fwp%2Fv2%2Ftags&post=6482"}],"curies":[{"name":"wp","href":"https:\/\/api.w.org\/{rel}","templated":true}]}}