{"id":6479,"date":"2025-12-20T14:55:35","date_gmt":"2025-12-20T17:55:35","guid":{"rendered":"https:\/\/diarioelfederaense.com.ar\/?p=6479"},"modified":"2025-12-20T14:55:36","modified_gmt":"2025-12-20T17:55:36","slug":"llovieron-52-milimetros-en-parana-y-se-registraron-anegamientos-en-barrios","status":"publish","type":"post","link":"https:\/\/diarioelfederaense.com.ar\/?p=6479","title":{"rendered":"Llovieron 52 mil\u00edmetros en Paran\u00e1 y se registraron anegamientos en barrios"},"content":{"rendered":"\n<h2 class=\"wp-block-heading\">Una intensa lluvia dej\u00f3 un acumulado de 52 mil\u00edmetros en Paran\u00e1 y provoc\u00f3 anegamientos en distintos barrios de la ciudad. Defensa Civil recibi\u00f3 numerosos llamados y el Municipio asisti\u00f3 a familias afectadas, mientras se dispusieron cortes preventivos de tr\u00e1nsito.<\/h2>\n","protected":false},"excerpt":{"rendered":"<p>Una intensa lluvia dej\u00f3 un acumulado de 52 mil\u00edmetros en Paran\u00e1 y provoc\u00f3 anegamientos en distintos barrios de la ciudad. Defensa Civil recibi\u00f3 numerosos llamados y el Municipio asisti\u00f3 a familias afectadas, mientras se dispusieron cortes preventivos de tr\u00e1nsito.<\/p>\n","protected":false},"author":2,"featured_media":6480,"comment_status":"closed","ping_status":"closed","sticky":false,"template":"","format":"standard","meta":{"_et_pb_use_builder":"","_et_pb_old_content":"","footnotes":""},"categories":[1],"tags":[],"class_list":["post-6479","post","type-post","status-publish","format-standard","has-post-thumbnail","hentry","category-sin-categoria"],"_links":{"self":[{"href":"https:\/\/diarioelfederaense.com.ar\/index.php?rest_route=\/wp\/v2\/posts\/6479"}],"collection":[{"href":"https:\/\/diarioelfederaense.com.ar\/index.php?rest_route=\/wp\/v2\/posts"}],"about":[{"href":"https:\/\/diarioelfederaense.com.ar\/index.php?rest_route=\/wp\/v2\/types\/post"}],"author":[{"embeddable":true,"href":"https:\/\/diarioelfederaense.com.ar\/index.php?rest_route=\/wp\/v2\/users\/2"}],"replies":[{"embeddable":true,"href":"https:\/\/diarioelfederaense.com.ar\/index.php?rest_route=%2Fwp%2Fv2%2Fcomments&post=6479"}],"version-history":[{"count":1,"href":"https:\/\/diarioelfederaense.com.ar\/index.php?rest_route=\/wp\/v2\/posts\/6479\/revisions"}],"predecessor-version":[{"id":6481,"href":"https:\/\/diarioelfederaense.com.ar\/index.php?rest_route=\/wp\/v2\/posts\/6479\/revisions\/6481"}],"wp:featuredmedia":[{"embeddable":true,"href":"https:\/\/diarioelfederaense.com.ar\/index.php?rest_route=\/wp\/v2\/media\/6480"}],"wp:attachment":[{"href":"https:\/\/diarioelfederaense.com.ar\/index.php?rest_route=%2Fwp%2Fv2%2Fmedia&parent=6479"}],"wp:term":[{"taxonomy":"category","embeddable":true,"href":"https:\/\/diarioelfederaense.com.ar\/index.php?rest_route=%2Fwp%2Fv2%2Fcategories&post=6479"},{"taxonomy":"post_tag","embeddable":true,"href":"https:\/\/diarioelfederaense.com.ar\/index.php?rest_route=%2Fwp%2Fv2%2Ftags&post=6479"}],"curies":[{"name":"wp","href":"https:\/\/api.w.org\/{rel}","templated":true}]}}