{"id":6476,"date":"2025-12-20T14:38:39","date_gmt":"2025-12-20T17:38:39","guid":{"rendered":"https:\/\/diarioelfederaense.com.ar\/?p=6476"},"modified":"2025-12-20T14:38:40","modified_gmt":"2025-12-20T17:38:40","slug":"jubilo-institucional-en-la-jura-de-34-fiscales-auxiliares-en-la-provincia","status":"publish","type":"post","link":"https:\/\/diarioelfederaense.com.ar\/?p=6476","title":{"rendered":"J\u00fabilo institucional en la jura de 34 fiscales auxiliares en la provincia"},"content":{"rendered":"\n<p>El viernes se realiz\u00f3 el acto de juramento y toma de posesi\u00f3n de 34 fiscales auxiliares del Ministerio P\u00fablico Fiscal de Entre R\u00edos. La ceremonia se llev\u00f3 acabo en el Centro Provincial de Convenciones de Paran\u00e1. El procurador general, Jorge Garc\u00eda destac\u00f3 que la ceremonia es un j\u00fabilo institucional porque los jurantes han sido designados tal como la estable la Constituci\u00f3n Provincial. Los ahora fiscales titulares se desempe\u00f1ar\u00e1n en 12 ciudades. En Paran\u00e1 juraron 13 funcionarios.<\/p>\n\n\n\n<p>s\u00e1bado 20 de diciembre de 2025 | 8:16hs.<\/p>\n\n\n\n<figure class=\"wp-block-image\"><img decoding=\"async\" src=\"https:\/\/apfdigital-s3.cdn.net.ar\/s3i233\/2025\/12\/apfdigital\/images\/02\/40\/68\/2406811_6bfe32494b350d1ff1c491d2f7f45b5bd309cd6396e744600c943fada20f686a\/md.webp\" alt=\"\"\/><\/figure>\n\n\n\n<p>El acto fue presidido por el procurador general de la provincia, Jorge Amilcar Garc\u00eda. Asisti\u00f3 el presidente del Superior Tribunal de Justicia, vocal Leonardo Portela; la vicepresidenta, Laura Mariana Soage; los vocales, Germ\u00e1n Carlomagno y Federico Tepsich y el defensor general de la provincia, Maximiliano Ben\u00edtez y autoridades del Poder Ejecutivo Provincial y Municipal, entre otras.<\/p>\n\n\n\n<p><strong>2018-2025<\/strong><\/p>\n\n\n\n<p>Se trata del concurso que comenz\u00f3 a sustanciarse en 2018 y tras un proceso determinado por distintas circunstancias, las m\u00e1s destacada fueron la pandemia por el Covid-19 y el festival de impugnaciones a los resultados de la prueba escrita donde los postulantes dan cuenta de sus saberes t\u00e9cnicos, y culmin\u00f3, con el acto de ayer.<\/p>\n\n\n\n<p>No obstante, el concurso a\u00fan est\u00e1 en tr\u00e1nsito porque resta que se defina la situaci\u00f3n del postulante Leonardo Schonfeld, que rindi\u00f3 en 2018 y atraves\u00f3 aquel proceso. Su pliego tiene acuerdo de la C\u00e1mara de Senadores para ser fiscal auxiliar en Villa Paranacito, cargo para el que fue propuesto por el Poder Ejecutivo.<\/p>\n\n\n\n<p><a href=\"https:\/\/www.apfdigital.com.ar\/noticias\/2025\/12\/16\/445327-ampliaron-la-denuncia-por-millonaria-estafa-con-un-fideicomiso-contra-un-fiscal-propuesto-por-el-gobierno\">Ampliaron la denuncia por millonaria estafa con un fideicomiso contra un fiscal propuesto por el Gobierno<\/a><\/p>\n\n\n\n<p>Schonfeld enfrenta un proceso judicial por el presunto delito de Administraci\u00f3n fraudulenta. El martes 16 de diciembre su defensa solicit\u00f3 que se le conceda la Suspensi\u00f3n de juicio a prueba. Fiscal\u00eda se opuso al pedido y ampli\u00f3 el hecho que se le imputa. Se investiga una estafa de un mill\u00f3n de d\u00f3lares, actualizados desde 2013 a octubre de este a\u00f1o, mediante&nbsp; un fideicomiso por un edificio en calle Feliciano, de Paran\u00e1.<\/p>\n\n\n\n<p><strong>J\u00fabilo institucional<\/strong><\/p>\n\n\n\n<p>En la oportunidad, el procurador general, Jorge Garc\u00eda destac\u00f3 que la ceremonia es un j\u00fabilo institucional porque los jurantes han sido designados tal como la estable la Constituci\u00f3n Provincial; lo que garantiza la idoneidad cient\u00edfica y moral, que a su vez garantiza la independencia del Poder Judicial, que es uno de los puntos cruciales del sistema.<\/p>\n\n\n\n<p>Los nombramientos de los funcionarios\/as titulares fueron realizados por el Poder Ejecutivo provincial, con Acuerdo de la C\u00e1mara de Senadores, luego de sustanciarse los respectivos concursos en el Consejo de la Magistratura, de acuerdo al mecanismo previsto por la Constituci\u00f3n de Entre R\u00edos.<\/p>\n\n\n\n<p>Estuvieron presentes legisladores\/as provinciales; integrantes del Poder Judicial de la provincia y de la Naci\u00f3n; de la Asociaci\u00f3n de la Magistratura y la Funci\u00f3n Judicial de Entre R\u00edos; de asociaciones profesionales e invitados especiales.<\/p>\n\n\n\n<p>Prestaron juramento, fiscales de las siguientes ciudades:<\/p>\n\n\n\n<p><strong>Chajar\u00ed<\/strong><\/p>\n\n\n\n<p>Mondrag\u00f3n, Mar\u00eda Macarena<\/p>\n\n\n\n<p>Verdura Pons, Mar\u00eda Dalia<\/p>\n\n\n\n<p><strong>Col\u00f3n<\/strong><\/p>\n\n\n\n<p>Di Pretoro, Micaela Mar\u00eda<\/p>\n\n\n\n<p>Taleb, Laila<\/p>\n\n\n\n<p><strong>Concepci\u00f3n del Uruguay<\/strong><\/p>\n\n\n\n<p>Becker, Mar\u00eda de los \u00c1ngeles<\/p>\n\n\n\n<p>Santo, Eduardo<\/p>\n\n\n\n<p><strong>Concordia<\/strong><\/p>\n\n\n\n<p>De Giambattista, Juan Pablo<\/p>\n\n\n\n<p>Montangie, Daniela<\/p>\n\n\n\n<p>Nu\u00f1ez, Jos\u00e9 Mart\u00edn<\/p>\n\n\n\n<p><strong>Diamante<\/strong><\/p>\n\n\n\n<p>Acu\u00f1a, Mar\u00eda Florencia<\/p>\n\n\n\n<p>Shmith, Mar\u00eda Eugenia<\/p>\n\n\n\n<p><strong>Feliciano<\/strong><\/p>\n\n\n\n<p>Espinosa, Evelina Vanesa<\/p>\n\n\n\n<p><strong>Gualeguay<\/strong><\/p>\n\n\n\n<p>Elal, Ana Paula<\/p>\n\n\n\n<p>Burruchaga, Maite<\/p>\n\n\n\n<p><strong>Gualeguaych\u00fa<\/strong><\/p>\n\n\n\n<p>Beher\u00e1n, Josefina<\/p>\n\n\n\n<p>Guti\u00e9rrez, Jorge Luis<\/p>\n\n\n\n<p>Ochoa, Fernando<\/p>\n\n\n\n<p><strong>La Paz<\/strong><\/p>\n\n\n\n<p>Bartolo, Natalia Denise<\/p>\n\n\n\n<p>Pereyra, Juan Manuel<\/p>\n\n\n\n<p><strong>Paran\u00e1<\/strong><\/p>\n\n\n\n<p>Ballesteros, Mar\u00eda Jimena<\/p>\n\n\n\n<p>Bord\u00edn, Mar\u00eda Elizabeth<\/p>\n\n\n\n<p>Farin\u00f3, Adriana Paola<\/p>\n\n\n\n<p>Giunta, Cristian Jos\u00e9 Mar\u00eda<\/p>\n\n\n\n<p>Guzm\u00e1n, Andrea Carolina<\/p>\n\n\n\n<p>Mill\u00e1n, Mart\u00edn<\/p>\n\n\n\n<p>Nin, Mar\u00eda de las Mercedes<\/p>\n\n\n\n<p>Sueldo, Jorge Gabriel<\/p>\n\n\n\n<p>Vilchez, Valeria Elena<\/p>\n\n\n\n<p>Vives, Sonia Beatriz<\/p>\n\n\n\n<p>Viviani, Ileana<\/p>\n\n\n\n<p>Wasinger, Mart\u00edn Miguel<\/p>\n\n\n\n<p>Zenklusen, Eric Rodolfo<\/p>\n\n\n\n<p><strong>Rosario del Tala<\/strong><\/p>\n\n\n\n<p>Reynoso, Emilce Paola<\/p>\n\n\n\n<p><strong>Villaguay<\/strong><\/p>\n\n\n\n<p>Batto, Mar\u00eda Noelia<\/p>\n\n\n\n<p>Quirolo, Mauro Rom\u00e1n. (APFDigital)<\/p>\n","protected":false},"excerpt":{"rendered":"<p>El viernes se realiz\u00f3 el acto de juramento y toma de posesi\u00f3n de 34 fiscales auxiliares del Ministerio P\u00fablico Fiscal de Entre R\u00edos. La ceremonia se llev\u00f3 acabo en el Centro Provincial de Convenciones de Paran\u00e1. El procurador general, Jorge Garc\u00eda destac\u00f3 que la ceremonia es un j\u00fabilo institucional porque los jurantes han sido designados [&hellip;]<\/p>\n","protected":false},"author":2,"featured_media":6477,"comment_status":"closed","ping_status":"closed","sticky":false,"template":"","format":"standard","meta":{"_et_pb_use_builder":"","_et_pb_old_content":"","footnotes":""},"categories":[1],"tags":[],"class_list":["post-6476","post","type-post","status-publish","format-standard","has-post-thumbnail","hentry","category-sin-categoria"],"_links":{"self":[{"href":"https:\/\/diarioelfederaense.com.ar\/index.php?rest_route=\/wp\/v2\/posts\/6476"}],"collection":[{"href":"https:\/\/diarioelfederaense.com.ar\/index.php?rest_route=\/wp\/v2\/posts"}],"about":[{"href":"https:\/\/diarioelfederaense.com.ar\/index.php?rest_route=\/wp\/v2\/types\/post"}],"author":[{"embeddable":true,"href":"https:\/\/diarioelfederaense.com.ar\/index.php?rest_route=\/wp\/v2\/users\/2"}],"replies":[{"embeddable":true,"href":"https:\/\/diarioelfederaense.com.ar\/index.php?rest_route=%2Fwp%2Fv2%2Fcomments&post=6476"}],"version-history":[{"count":1,"href":"https:\/\/diarioelfederaense.com.ar\/index.php?rest_route=\/wp\/v2\/posts\/6476\/revisions"}],"predecessor-version":[{"id":6478,"href":"https:\/\/diarioelfederaense.com.ar\/index.php?rest_route=\/wp\/v2\/posts\/6476\/revisions\/6478"}],"wp:featuredmedia":[{"embeddable":true,"href":"https:\/\/diarioelfederaense.com.ar\/index.php?rest_route=\/wp\/v2\/media\/6477"}],"wp:attachment":[{"href":"https:\/\/diarioelfederaense.com.ar\/index.php?rest_route=%2Fwp%2Fv2%2Fmedia&parent=6476"}],"wp:term":[{"taxonomy":"category","embeddable":true,"href":"https:\/\/diarioelfederaense.com.ar\/index.php?rest_route=%2Fwp%2Fv2%2Fcategories&post=6476"},{"taxonomy":"post_tag","embeddable":true,"href":"https:\/\/diarioelfederaense.com.ar\/index.php?rest_route=%2Fwp%2Fv2%2Ftags&post=6476"}],"curies":[{"name":"wp","href":"https:\/\/api.w.org\/{rel}","templated":true}]}}