{"id":6473,"date":"2025-12-19T18:56:00","date_gmt":"2025-12-19T21:56:00","guid":{"rendered":"https:\/\/diarioelfederaense.com.ar\/?p=6473"},"modified":"2025-12-19T18:56:01","modified_gmt":"2025-12-19T21:56:01","slug":"enersa-y-la-secretaria-de-turismo-instalaran-cargadores-electricos-para-vehiculos-en-hoteles-y-termas","status":"publish","type":"post","link":"https:\/\/diarioelfederaense.com.ar\/?p=6473","title":{"rendered":"Enersa y la Secretar\u00eda de Turismo instalar\u00e1n cargadores el\u00e9ctricos para veh\u00edculos en hoteles y termas"},"content":{"rendered":"\n<p><a><\/a>Enersa entregar\u00e1 los equipos que ser\u00e1n instalados en distintos hoteles y termas del territorio entrerriano, ampliando la red provincial de carga para veh\u00edculos el\u00e9ctricos y mejorando los servicios para turistas y residentes.<\/p>\n\n\n\n<p>Enersa, junto a la Secretar\u00eda de Turismo de Entre R\u00edos, firm\u00f3 convenios con establecimientos hoteleros y complejos termales de la Provincia para la instalaci\u00f3n de cargadores el\u00e9ctricos, con el objetivo de promover la movilidad sustentable y fortalecer la infraestructura tur\u00edstica.<\/p>\n\n\n\n<p>Los acuerdos fueron firmados por el presidente de Enersa, Uriel Brupbacher; el secretario de Turismo de Entre R\u00edos, Jorge Satto; y representantes de establecimientos hoteleros y termales, en el marco de una pol\u00edtica que integra energ\u00eda y turismo.<\/p>\n\n\n\n<p>En este sentido, Enersa entregar\u00e1 los equipos que ser\u00e1n instalados en distintos hoteles y termas del territorio entrerriano, ampliando la red provincial de carga para veh\u00edculos el\u00e9ctricos y mejorando los servicios para turistas y residentes.<\/p>\n\n\n\n<p>En relaci\u00f3n con la iniciativa, el presidente de Enersa, Uriel Brupbacher, se\u00f1al\u00f3: \u00abPara los usuarios y, especialmente, para quienes realizan viajes por ruta, contar con puntos de carga resulta fundamental por lo que se viene en materia de movilidad el\u00e9ctrica\u00bb.<\/p>\n\n\n\n<p>A continuaci\u00f3n, el secretario de Turismo de Entre R\u00edos, Jorge Satto, destac\u00f3 la firma del convenio tripartito y afirm\u00f3 que la iniciativa \u00abrepresenta un avance significativo\u00bb y se inscribe en una tendencia internacional vinculada al uso de la energ\u00eda el\u00e9ctrica en la movilidad.<\/p>\n\n\n\n<p>La propuesta alcanza a los siguientes establecimientos tur\u00edsticos: Hotel Sol de Victoria, Hotel Hathor (Concordia), Hotel Howard Johnson (Paran\u00e1), Termas de Concepci\u00f3n del Uruguay y Termas de Gualeguaych\u00fa, ubicados en puntos estrat\u00e9gicos del corredor tur\u00edstico provincial. Adem\u00e1s, se prev\u00e9 sumar nuevos espacios como el hotel Arena Resort de Federaci\u00f3n, entre otros.<\/p>\n\n\n\n<p>Durante la firma, se remarc\u00f3 que la incorporaci\u00f3n de puntos de carga el\u00e9ctrica responde a nuevas demandas del turismo y se suma a los servicios que influyen en la elecci\u00f3n de los destinos, especialmente en temporadas altas y eventos.<\/p>\n","protected":false},"excerpt":{"rendered":"<p>Enersa entregar\u00e1 los equipos que ser\u00e1n instalados en distintos hoteles y termas del territorio entrerriano, ampliando la red provincial de carga para veh\u00edculos el\u00e9ctricos y mejorando los servicios para turistas y residentes. Enersa, junto a la Secretar\u00eda de Turismo de Entre R\u00edos, firm\u00f3 convenios con establecimientos hoteleros y complejos termales de la Provincia para la [&hellip;]<\/p>\n","protected":false},"author":2,"featured_media":6474,"comment_status":"closed","ping_status":"closed","sticky":false,"template":"","format":"standard","meta":{"_et_pb_use_builder":"","_et_pb_old_content":"","footnotes":""},"categories":[1],"tags":[],"class_list":["post-6473","post","type-post","status-publish","format-standard","has-post-thumbnail","hentry","category-sin-categoria"],"_links":{"self":[{"href":"https:\/\/diarioelfederaense.com.ar\/index.php?rest_route=\/wp\/v2\/posts\/6473"}],"collection":[{"href":"https:\/\/diarioelfederaense.com.ar\/index.php?rest_route=\/wp\/v2\/posts"}],"about":[{"href":"https:\/\/diarioelfederaense.com.ar\/index.php?rest_route=\/wp\/v2\/types\/post"}],"author":[{"embeddable":true,"href":"https:\/\/diarioelfederaense.com.ar\/index.php?rest_route=\/wp\/v2\/users\/2"}],"replies":[{"embeddable":true,"href":"https:\/\/diarioelfederaense.com.ar\/index.php?rest_route=%2Fwp%2Fv2%2Fcomments&post=6473"}],"version-history":[{"count":1,"href":"https:\/\/diarioelfederaense.com.ar\/index.php?rest_route=\/wp\/v2\/posts\/6473\/revisions"}],"predecessor-version":[{"id":6475,"href":"https:\/\/diarioelfederaense.com.ar\/index.php?rest_route=\/wp\/v2\/posts\/6473\/revisions\/6475"}],"wp:featuredmedia":[{"embeddable":true,"href":"https:\/\/diarioelfederaense.com.ar\/index.php?rest_route=\/wp\/v2\/media\/6474"}],"wp:attachment":[{"href":"https:\/\/diarioelfederaense.com.ar\/index.php?rest_route=%2Fwp%2Fv2%2Fmedia&parent=6473"}],"wp:term":[{"taxonomy":"category","embeddable":true,"href":"https:\/\/diarioelfederaense.com.ar\/index.php?rest_route=%2Fwp%2Fv2%2Fcategories&post=6473"},{"taxonomy":"post_tag","embeddable":true,"href":"https:\/\/diarioelfederaense.com.ar\/index.php?rest_route=%2Fwp%2Fv2%2Ftags&post=6473"}],"curies":[{"name":"wp","href":"https:\/\/api.w.org\/{rel}","templated":true}]}}