{"id":6470,"date":"2025-12-19T18:33:56","date_gmt":"2025-12-19T21:33:56","guid":{"rendered":"https:\/\/diarioelfederaense.com.ar\/?p=6470"},"modified":"2025-12-19T18:33:57","modified_gmt":"2025-12-19T21:33:57","slug":"el-interventor-del-registro-del-automotor-de-chajari-fue-renombrado-hasta-junio","status":"publish","type":"post","link":"https:\/\/diarioelfederaense.com.ar\/?p=6470","title":{"rendered":"El interventor del Registro del Automotor de Chajar\u00ed fue renombrado hasta junio"},"content":{"rendered":"\n<p><a><\/a>Luis Car\u00edsimo fue renombrado como interventor del Registro de la Propiedad del Automotor y Motoveh\u00edculos de Chajar\u00ed hasta junio pr\u00f3ximo.<\/p>\n\n\n\n<p>Las autoridades competentes valoraron la impronta, la regularidad con la que se encaminaron los tr\u00e1mites -inscripciones, transferencias, entre otros-, resolviendo la continuidad del abogado al frente de esa dependencia.<\/p>\n\n\n\n<p>Vale recordar que hay un decreto del Gobierno nacional que contempla la supresi\u00f3n de 155 seccionales del Registro del Automotor, entre ellos el de Chajar\u00ed. Desde su publicaci\u00f3n en el Bolet\u00edn Oficial, el 30 de enero de 2025, oficialmente no se conocieron novedades sobre la implementaci\u00f3n de la norma en cuesti\u00f3n.<\/p>\n\n\n\n<p>El trabajo realizado por la actual gesti\u00f3n y el renombramiento o extensi\u00f3n de la intervenci\u00f3n alienta, de alguna manera, la posibilidad de que ese decreto se revierta, habida cuenta de la relevancia que tiene la entidad en Chajar\u00ed y en la zona, donde el c\u00famulo de tr\u00e1mites vinculados al parque automotor marca liderazgo en la provincia.<\/p>\n\n\n\n<p>chajarialdia<\/p>\n","protected":false},"excerpt":{"rendered":"<p>Luis Car\u00edsimo fue renombrado como interventor del Registro de la Propiedad del Automotor y Motoveh\u00edculos de Chajar\u00ed hasta junio pr\u00f3ximo. Las autoridades competentes valoraron la impronta, la regularidad con la que se encaminaron los tr\u00e1mites -inscripciones, transferencias, entre otros-, resolviendo la continuidad del abogado al frente de esa dependencia. Vale recordar que hay un decreto [&hellip;]<\/p>\n","protected":false},"author":2,"featured_media":6471,"comment_status":"closed","ping_status":"closed","sticky":false,"template":"","format":"standard","meta":{"_et_pb_use_builder":"","_et_pb_old_content":"","footnotes":""},"categories":[1],"tags":[],"class_list":["post-6470","post","type-post","status-publish","format-standard","has-post-thumbnail","hentry","category-sin-categoria"],"_links":{"self":[{"href":"https:\/\/diarioelfederaense.com.ar\/index.php?rest_route=\/wp\/v2\/posts\/6470"}],"collection":[{"href":"https:\/\/diarioelfederaense.com.ar\/index.php?rest_route=\/wp\/v2\/posts"}],"about":[{"href":"https:\/\/diarioelfederaense.com.ar\/index.php?rest_route=\/wp\/v2\/types\/post"}],"author":[{"embeddable":true,"href":"https:\/\/diarioelfederaense.com.ar\/index.php?rest_route=\/wp\/v2\/users\/2"}],"replies":[{"embeddable":true,"href":"https:\/\/diarioelfederaense.com.ar\/index.php?rest_route=%2Fwp%2Fv2%2Fcomments&post=6470"}],"version-history":[{"count":1,"href":"https:\/\/diarioelfederaense.com.ar\/index.php?rest_route=\/wp\/v2\/posts\/6470\/revisions"}],"predecessor-version":[{"id":6472,"href":"https:\/\/diarioelfederaense.com.ar\/index.php?rest_route=\/wp\/v2\/posts\/6470\/revisions\/6472"}],"wp:featuredmedia":[{"embeddable":true,"href":"https:\/\/diarioelfederaense.com.ar\/index.php?rest_route=\/wp\/v2\/media\/6471"}],"wp:attachment":[{"href":"https:\/\/diarioelfederaense.com.ar\/index.php?rest_route=%2Fwp%2Fv2%2Fmedia&parent=6470"}],"wp:term":[{"taxonomy":"category","embeddable":true,"href":"https:\/\/diarioelfederaense.com.ar\/index.php?rest_route=%2Fwp%2Fv2%2Fcategories&post=6470"},{"taxonomy":"post_tag","embeddable":true,"href":"https:\/\/diarioelfederaense.com.ar\/index.php?rest_route=%2Fwp%2Fv2%2Ftags&post=6470"}],"curies":[{"name":"wp","href":"https:\/\/api.w.org\/{rel}","templated":true}]}}