{"id":6466,"date":"2025-12-19T18:25:55","date_gmt":"2025-12-19T21:25:55","guid":{"rendered":"https:\/\/diarioelfederaense.com.ar\/?p=6466"},"modified":"2025-12-19T18:26:48","modified_gmt":"2025-12-19T21:26:48","slug":"sandia-en-el-agua-mira-lo-que-dice","status":"publish","type":"post","link":"https:\/\/diarioelfederaense.com.ar\/?p=6466","title":{"rendered":"SAND\u00cdA EN EL AGUA MIR\u00c1 LO QUE DICE&#8230;"},"content":{"rendered":"\n<p>Uno de los principales destructores y entregadores del radicalismo sin ning\u00fan escr\u00fapulo dice esto: Benedetti pide apoyar la estabilidad fiscal de Milei y defender los valores hist\u00f3ricos del radicalismo<\/p>\n\n\n\n<p><a><\/a>El ex diputado nacional radical Atilio Benedetti cerr\u00f3 un mandato en la banca de la C\u00e1mara Baja muy intenso, marcado por la irrupci\u00f3n de La Libertad Avanza, asegurando que el \u00e9xito del Gobierno en instalar el equilibrio fiscal ha sido avalado por una ciudadan\u00eda dispuesta a soportar esfuerzos para evitar la inestabilidad. Sin embargo, advierte sobre el costo social y el peligro de la corrupci\u00f3n.<\/p>\n\n\n\n<p>Benedetti finaliz\u00f3 su mandato de poco m\u00e1s de dos a\u00f1os en la C\u00e1mara Baja, un per\u00edodo que calific\u00f3 como muy intenso, complejo, muy dif\u00edcil. El desaf\u00edo principal para el radicalismo fue hacer un enorme equilibrio entre acompa\u00f1ar al nuevo gobierno nacional (d\u00e1ndole herramientas) y, al mismo tiempo, defender los valores hist\u00f3ricos del partido.<\/p>\n\n\n\n<p>El ex legislador reconoci\u00f3 que, m\u00e1s all\u00e1 de algunas cuestiones que podr\u00edan ser m\u00e1s prolijas, el gobierno tuvo \u00e9xito en instalar la idea de que no hay que gastar m\u00e1s de los recursos que se tienen, el famoso tema del equilibrio fiscal. Este logro no fue solo del gobierno, sino que fue tomado por la ciudadan\u00eda, que ha tolerado muchos esfuerzos en pos de la estabilidad y evitar la inflaci\u00f3n galopante que resulta angustiante.<\/p>\n\n\n\n<p>Temas injustos<\/p>\n\n\n\n<p>No obstante, se\u00f1al\u00f3 a Debate Abierto que algunos temas resultaron injustos, como la discusi\u00f3n sobre el Hospital Garrahan o el tema de la discapacidad, los cuales siguen en debate. Adem\u00e1s, lament\u00f3 que la postergaci\u00f3n de toda la infraestructura en pos del equilibrio fiscal se est\u00e1 sintiendo en las rutas del pa\u00eds y, especialmente, en las entrerrianas.<\/p>\n\n\n\n<p>En el aspecto productivo, Benedetti advirti\u00f3 un desbalance: el sector agropecuario ha soportado gran parte del esfuerzo por el equilibrio fiscal.<\/p>\n\n\n\n<p>Mientras que el gobierno ha mirado con m\u00e1s atenci\u00f3n a la miner\u00eda y los hidrocarburos (que han recibido mayores facilidades y est\u00edmulos), el sector productivo de provincias como Entre R\u00edos sigue estando castigado. El \u00fanico avance positivo fue la liberaci\u00f3n de trabas para que la producci\u00f3n de alimentos pueda insertarse en el mundo sin inconvenientes.<\/p>\n\n\n\n<p>Cr\u00e9dito jaqueado por la corrupci\u00f3n<\/p>\n\n\n\n<p>El ex diputado radical fue enf\u00e1tico al advertir al gobierno nacional que el cr\u00e9dito que le otorga la ciudadan\u00eda en favor de la estabilidad puede perderse r\u00e1pidamente si se comprueban sospechas de corrupci\u00f3n.<\/p>\n\n\n\n<p>Y en este sentido, Benedetti hizo un llamado a cuidar este tema, transparenten todo porque no hay lugar para corrupci\u00f3n en ning\u00fan \u00e1mbito, ni en municipios, ni en provincias, ni en la naci\u00f3n.<\/p>\n\n\n\n<p>UCR<\/p>\n\n\n\n<p>Respecto al radicalismo, Benedetti afirm\u00f3 que el desaf\u00edo es construir una alternativa que no sea volver al pasado (refiri\u00e9ndose a las pr\u00e1cticas populistas o del kirchnerismo).<\/p>\n\n\n\n<p>El radicalismo, aunque \u00abmachucado\u00bb y con dificultades, debe constituir una alternativa que retome sus valores, reconociendo las fallas en la dimensi\u00f3n econ\u00f3mica que se han dado en la pol\u00edtica nacional del partido.<\/p>\n\n\n\n<p>Gesti\u00f3n Frigerio<\/p>\n\n\n\n<p>Sobre la gesti\u00f3n de Rogelio Frigerio, Benedetti manifest\u00f3 a Debate Abierto que acompa\u00f1a al gobernador porque comparte la idea de alcanzar un equilibrio entre el Estado y el desarrollo de la actividad econ\u00f3mica. \u00abLa necesidad de este equilibrio surge de un Estado que creci\u00f3 por encima de la capacidad de financiarlo, lo que llev\u00f3 a aumentar impuestos y, finalmente, a hacer funcionar la maquinita de emitir\u00bb, argument\u00f3.<\/p>\n\n\n\n<p>Sin embargo, Benedetti expres\u00f3 preocupaci\u00f3n por la dureza del Gobierno Nacional al no enviar m\u00e1s recursos que los correspondientes por coparticipaci\u00f3n, lo que implica menos recursos para la provincia y los municipios. Esta situaci\u00f3n ha obligado a la gobernaci\u00f3n a asumir responsabilidades adicionales, como emparchar las rutas que el gobierno nacional ha dejado de atender.<\/p>\n\n\n\n<p>Y sugiri\u00f3 que Frigerio debe tener inteligencia para pedir ayuda con cuestiones b\u00e1sicas (salud, educaci\u00f3n, infraestructura y seguridad).<\/p>\n\n\n\n<p>Futuro<\/p>\n\n\n\n<p>En cuanto al futuro personal, Benedetti se\u00f1al\u00f3 que, tras un per\u00edodo muy intenso, es saludable tomarse un tiempo de reflexi\u00f3n y cable a tierra para retomar contacto con los representados. Aunque fue mencionado para el gabinete provincial, no se ve en un cargo por ahora y dijo que reci\u00e9n en marzo de 2026 se podr\u00edan retomar esos temas. (APFDigital)<\/p>\n","protected":false},"excerpt":{"rendered":"<p>Uno de los principales destructores y entregadores del radicalismo sin ning\u00fan escr\u00fapulo dice esto: Benedetti pide apoyar la estabilidad fiscal de Milei y defender los valores hist\u00f3ricos del radicalismo El ex diputado nacional radical Atilio Benedetti cerr\u00f3 un mandato en la banca de la C\u00e1mara Baja muy intenso, marcado por la irrupci\u00f3n de La Libertad [&hellip;]<\/p>\n","protected":false},"author":2,"featured_media":6469,"comment_status":"closed","ping_status":"closed","sticky":false,"template":"","format":"standard","meta":{"_et_pb_use_builder":"","_et_pb_old_content":"","footnotes":""},"categories":[1],"tags":[],"class_list":["post-6466","post","type-post","status-publish","format-standard","has-post-thumbnail","hentry","category-sin-categoria"],"_links":{"self":[{"href":"https:\/\/diarioelfederaense.com.ar\/index.php?rest_route=\/wp\/v2\/posts\/6466"}],"collection":[{"href":"https:\/\/diarioelfederaense.com.ar\/index.php?rest_route=\/wp\/v2\/posts"}],"about":[{"href":"https:\/\/diarioelfederaense.com.ar\/index.php?rest_route=\/wp\/v2\/types\/post"}],"author":[{"embeddable":true,"href":"https:\/\/diarioelfederaense.com.ar\/index.php?rest_route=\/wp\/v2\/users\/2"}],"replies":[{"embeddable":true,"href":"https:\/\/diarioelfederaense.com.ar\/index.php?rest_route=%2Fwp%2Fv2%2Fcomments&post=6466"}],"version-history":[{"count":1,"href":"https:\/\/diarioelfederaense.com.ar\/index.php?rest_route=\/wp\/v2\/posts\/6466\/revisions"}],"predecessor-version":[{"id":6467,"href":"https:\/\/diarioelfederaense.com.ar\/index.php?rest_route=\/wp\/v2\/posts\/6466\/revisions\/6467"}],"wp:featuredmedia":[{"embeddable":true,"href":"https:\/\/diarioelfederaense.com.ar\/index.php?rest_route=\/wp\/v2\/media\/6469"}],"wp:attachment":[{"href":"https:\/\/diarioelfederaense.com.ar\/index.php?rest_route=%2Fwp%2Fv2%2Fmedia&parent=6466"}],"wp:term":[{"taxonomy":"category","embeddable":true,"href":"https:\/\/diarioelfederaense.com.ar\/index.php?rest_route=%2Fwp%2Fv2%2Fcategories&post=6466"},{"taxonomy":"post_tag","embeddable":true,"href":"https:\/\/diarioelfederaense.com.ar\/index.php?rest_route=%2Fwp%2Fv2%2Ftags&post=6466"}],"curies":[{"name":"wp","href":"https:\/\/api.w.org\/{rel}","templated":true}]}}