{"id":6463,"date":"2025-12-19T18:23:35","date_gmt":"2025-12-19T21:23:35","guid":{"rendered":"https:\/\/diarioelfederaense.com.ar\/?p=6463"},"modified":"2025-12-19T18:23:36","modified_gmt":"2025-12-19T21:23:36","slug":"se-realizo-el-acto-de-colacion-de-la-primera-promocion-de-la-tecnicatura-en-turismo","status":"publish","type":"post","link":"https:\/\/diarioelfederaense.com.ar\/?p=6463","title":{"rendered":"SE REALIZ\u00d3 EL ACTO DE COLACI\u00d3N DE LA PRIMERA PROMOCI\u00d3N DE LA TECNICATURA EN TURISMO"},"content":{"rendered":"\n<p><a><\/a>El Presidente Municipal de Federaci\u00f3n, <a href=\"https:\/\/www.facebook.com\/Ricardobravo019?__cft__[0]=AZYNmRtV8LUg3queYbCsJvubnbOkwS8YpAZiDWZLw57fXwe6cbQu_YSnKi4SZu-AGbRFhrEbGzGdg3gTXgxhWKn1hzO6VbCP2_m9VFgAaXhIgMz6dPW2-Hfn6G2WPl9N29uohjfnvOVE37qqklcgT5QP&amp;__tn__=-]K-R\">Ricardo Bravo<\/a>, encabez\u00f3 este jueves el acto de colaci\u00f3n de la primera promoci\u00f3n de T\u00e9cnicos en Gesti\u00f3n de Turismo y Servicios, dictados por la Escuela Normal Superior N\u00b015 de Concordia<\/p>\n\n\n\n<p>Durante su mensaje, el Intendente destac\u00f3 la importancia de la educaci\u00f3n superior como herramienta de desarrollo local y remarc\u00f3 que la apertura de esta tecnicatura responde a una decisi\u00f3n pol\u00edtica de ampliar la oferta educativa, fortalecer el arraigo de los j\u00f3venes y formar profesionales con mirada local y compromiso con la comunidad.<\/p>\n\n\n\n<p>Asimismo, subray\u00f3 que el turismo es uno de los principales motores econ\u00f3micos de la ciudad y que contar con recursos humanos formados en Federaci\u00f3n representa una fortaleza para el presente y el futuro del sector.<\/p>\n","protected":false},"excerpt":{"rendered":"<p>El Presidente Municipal de Federaci\u00f3n, Ricardo Bravo, encabez\u00f3 este jueves el acto de colaci\u00f3n de la primera promoci\u00f3n de T\u00e9cnicos en Gesti\u00f3n de Turismo y Servicios, dictados por la Escuela Normal Superior N\u00b015 de Concordia Durante su mensaje, el Intendente destac\u00f3 la importancia de la educaci\u00f3n superior como herramienta de desarrollo local y remarc\u00f3 que [&hellip;]<\/p>\n","protected":false},"author":2,"featured_media":6464,"comment_status":"closed","ping_status":"closed","sticky":false,"template":"","format":"standard","meta":{"_et_pb_use_builder":"","_et_pb_old_content":"","footnotes":""},"categories":[1],"tags":[],"class_list":["post-6463","post","type-post","status-publish","format-standard","has-post-thumbnail","hentry","category-sin-categoria"],"_links":{"self":[{"href":"https:\/\/diarioelfederaense.com.ar\/index.php?rest_route=\/wp\/v2\/posts\/6463"}],"collection":[{"href":"https:\/\/diarioelfederaense.com.ar\/index.php?rest_route=\/wp\/v2\/posts"}],"about":[{"href":"https:\/\/diarioelfederaense.com.ar\/index.php?rest_route=\/wp\/v2\/types\/post"}],"author":[{"embeddable":true,"href":"https:\/\/diarioelfederaense.com.ar\/index.php?rest_route=\/wp\/v2\/users\/2"}],"replies":[{"embeddable":true,"href":"https:\/\/diarioelfederaense.com.ar\/index.php?rest_route=%2Fwp%2Fv2%2Fcomments&post=6463"}],"version-history":[{"count":1,"href":"https:\/\/diarioelfederaense.com.ar\/index.php?rest_route=\/wp\/v2\/posts\/6463\/revisions"}],"predecessor-version":[{"id":6465,"href":"https:\/\/diarioelfederaense.com.ar\/index.php?rest_route=\/wp\/v2\/posts\/6463\/revisions\/6465"}],"wp:featuredmedia":[{"embeddable":true,"href":"https:\/\/diarioelfederaense.com.ar\/index.php?rest_route=\/wp\/v2\/media\/6464"}],"wp:attachment":[{"href":"https:\/\/diarioelfederaense.com.ar\/index.php?rest_route=%2Fwp%2Fv2%2Fmedia&parent=6463"}],"wp:term":[{"taxonomy":"category","embeddable":true,"href":"https:\/\/diarioelfederaense.com.ar\/index.php?rest_route=%2Fwp%2Fv2%2Fcategories&post=6463"},{"taxonomy":"post_tag","embeddable":true,"href":"https:\/\/diarioelfederaense.com.ar\/index.php?rest_route=%2Fwp%2Fv2%2Ftags&post=6463"}],"curies":[{"name":"wp","href":"https:\/\/api.w.org\/{rel}","templated":true}]}}