{"id":6460,"date":"2025-12-19T17:58:03","date_gmt":"2025-12-19T20:58:03","guid":{"rendered":"https:\/\/diarioelfederaense.com.ar\/?p=6460"},"modified":"2025-12-19T17:58:04","modified_gmt":"2025-12-19T20:58:04","slug":"paseo-comercial-y-gastronomico-otra-fuerte-apuesta-a-lo-comercial-y-turistico","status":"publish","type":"post","link":"https:\/\/diarioelfederaense.com.ar\/?p=6460","title":{"rendered":"PASEO COMERCIAL Y GASTRON\u00d3MICO: OTRA FUERTE APUESTA A LO COMERCIAL Y TUR\u00cdSTICO"},"content":{"rendered":"\n<p><a><\/a>TITULO DE TAPA DE EL FEDERAENSE IMPRESO DEL 19\/12\/25; En el predio sobre calle Paran\u00e1 y Ant\u00e1rtida Argentina, junto a la entrada norte a termas, se construye un paseo comercial y gastron\u00f3mico.<\/p>\n\n\n\n<p>La ciudad de Federaci\u00f3n, ubicada en la provincia de Entre R\u00edos, se encuentra en un momento clave para su desarrollo econ\u00f3mico y tur\u00edstico. La construcci\u00f3n de un \u00e1rea comercial y gastron\u00f3mica en la ciudad es un proyecto que ha generado gran expectativa entre los vecinos y empresarios locales.<\/p>\n\n\n\n<p>Por un lado, la creaci\u00f3n de un espacio de estas caracter\u00edsticas permitir\u00e1 a los habitantes de la ciudad y la regi\u00f3n contar con una mayor variedad de opciones para realizar compras y disfrutar de la gastronom\u00eda local. Adem\u00e1s, se espera que el proyecto atraiga a turistas y visitantes, lo que generar\u00e1 un impacto positivo en la econom\u00eda local.<\/p>\n\n\n\n<p>La construcci\u00f3n de un \u00e1rea comercial y gastron\u00f3mica es un paso importante para el desarrollo de nuestra ciudad.<\/p>\n\n\n\n<p>No solo crear\u00e1 empleos y generar\u00e1 ingresos, sino que tambi\u00e9n mejorar\u00e1 la calidad de vida de nuestros vecinos y har\u00e1 que nuestra ciudad sea m\u00e1s atractiva para los visitantes.<\/p>\n\n\n\n<p>El proyecto, que se encuentra en construcci\u00f3n, se desarrolla en un espacio de aproximadamente 10.000 metros cuadrados, que incluir\u00e1 locales comerciales, restaurantes, cafeter\u00edas y \u00e1reas de esparcimiento. Se espera que la obra est\u00e9 finalizada en un plazo estimado de 18 meses y genere alrededor de 200 empleos directos e indirectos de acuerdo a su magnitud.<\/p>\n\n\n\n<p>La creaci\u00f3n de un \u00e1rea comercial y gastron\u00f3mica en Federaci\u00f3n es un ejemplo de c\u00f3mo la inversi\u00f3n p\u00fablica y privada puede trabajar juntas para impulsar el desarrollo econ\u00f3mico y tur\u00edstico de una ciudad. Con este proyecto, Federaci\u00f3n se prepara para un futuro pr\u00f3spero y lleno de oportunidades.<\/p>\n\n\n\n<p>\u201cVentajas del proyecto:\u201c\u201c- Creaci\u00f3n de empleos directos e indirectos\u201c- Impulso a la econom\u00eda local\u201c- Mayor variedad de opciones para compras y gastronom\u00eda\u201c- Atracci\u00f3n de turistas y visitantes\u201c- Mejora de la calidad de vida de los vecinos\u201c<\/p>\n\n\n\n<p>\u201cDetalles del proyecto:\u201c\u201c- Ubicaci\u00f3n: Ciudad de Federaci\u00f3n, Entre R\u00edos\u201c- Superficie estimada: 10.000 metros cuadrados\u201c- Plazo de ejecuci\u00f3n estimado: 18 meses\u201c- Empleos generados: 200 (directos e indirectos)<\/p>\n","protected":false},"excerpt":{"rendered":"<p>TITULO DE TAPA DE EL FEDERAENSE IMPRESO DEL 19\/12\/25; En el predio sobre calle Paran\u00e1 y Ant\u00e1rtida Argentina, junto a la entrada norte a termas, se construye un paseo comercial y gastron\u00f3mico. La ciudad de Federaci\u00f3n, ubicada en la provincia de Entre R\u00edos, se encuentra en un momento clave para su desarrollo econ\u00f3mico y tur\u00edstico. [&hellip;]<\/p>\n","protected":false},"author":2,"featured_media":6461,"comment_status":"closed","ping_status":"closed","sticky":false,"template":"","format":"standard","meta":{"_et_pb_use_builder":"","_et_pb_old_content":"","footnotes":""},"categories":[1],"tags":[],"class_list":["post-6460","post","type-post","status-publish","format-standard","has-post-thumbnail","hentry","category-sin-categoria"],"_links":{"self":[{"href":"https:\/\/diarioelfederaense.com.ar\/index.php?rest_route=\/wp\/v2\/posts\/6460"}],"collection":[{"href":"https:\/\/diarioelfederaense.com.ar\/index.php?rest_route=\/wp\/v2\/posts"}],"about":[{"href":"https:\/\/diarioelfederaense.com.ar\/index.php?rest_route=\/wp\/v2\/types\/post"}],"author":[{"embeddable":true,"href":"https:\/\/diarioelfederaense.com.ar\/index.php?rest_route=\/wp\/v2\/users\/2"}],"replies":[{"embeddable":true,"href":"https:\/\/diarioelfederaense.com.ar\/index.php?rest_route=%2Fwp%2Fv2%2Fcomments&post=6460"}],"version-history":[{"count":1,"href":"https:\/\/diarioelfederaense.com.ar\/index.php?rest_route=\/wp\/v2\/posts\/6460\/revisions"}],"predecessor-version":[{"id":6462,"href":"https:\/\/diarioelfederaense.com.ar\/index.php?rest_route=\/wp\/v2\/posts\/6460\/revisions\/6462"}],"wp:featuredmedia":[{"embeddable":true,"href":"https:\/\/diarioelfederaense.com.ar\/index.php?rest_route=\/wp\/v2\/media\/6461"}],"wp:attachment":[{"href":"https:\/\/diarioelfederaense.com.ar\/index.php?rest_route=%2Fwp%2Fv2%2Fmedia&parent=6460"}],"wp:term":[{"taxonomy":"category","embeddable":true,"href":"https:\/\/diarioelfederaense.com.ar\/index.php?rest_route=%2Fwp%2Fv2%2Fcategories&post=6460"},{"taxonomy":"post_tag","embeddable":true,"href":"https:\/\/diarioelfederaense.com.ar\/index.php?rest_route=%2Fwp%2Fv2%2Ftags&post=6460"}],"curies":[{"name":"wp","href":"https:\/\/api.w.org\/{rel}","templated":true}]}}