{"id":6450,"date":"2025-12-18T18:41:30","date_gmt":"2025-12-18T21:41:30","guid":{"rendered":"https:\/\/diarioelfederaense.com.ar\/?p=6450"},"modified":"2025-12-18T19:02:11","modified_gmt":"2025-12-18T22:02:11","slug":"incidente-en-el-parque-termal","status":"publish","type":"post","link":"https:\/\/diarioelfederaense.com.ar\/?p=6450","title":{"rendered":"INCIDENTE EN EL PARQUE TERMAL"},"content":{"rendered":"\n<p>En la tarde del d\u00eda jueves 18 de diciembre, alrededor de las 16:30 horas, personal policial dependiente de la Jefatura Departamental fue comisionado al Complejo Termal, ante un requerimiento que alertaba sobre la presencia de un menor de edad con riesgo de vida.<\/p>\n\n\n\n<p>Al arribar al lugar, los efectivos tomaron conocimiento de que un ni\u00f1o de aproximadamente tres a\u00f1os hab\u00eda sido hallado inconsciente en una de las piletas del predio, presentando aparentes signos de ahogamiento, motivo por el cual fue trasladado de urgencia en ambulancia al Hospital San Jos\u00e9.<\/p>\n\n\n\n<p>Durante el traslado, el menor fue acompa\u00f1ado por personal guardavidas, quien le practic\u00f3 maniobras de respiraci\u00f3n asistida y reanimaci\u00f3n cardiopulmonar (RCP) con el objetivo de estabilizar sus signos vitales.<\/p>\n\n\n\n<p>Ya en el nosocomio local, el ni\u00f1o recibi\u00f3 las primeras atenciones m\u00e9dicas, disponi\u00e9ndose posteriormente su derivaci\u00f3n al Hospital Masvernat de la ciudad de Concordia, a fin de realizar estudios y tratamientos de mayor complejidad.<\/p>\n\n\n\n<p>Seg\u00fan lo informado por personal policial apostado en el lugar, el menor permanece internado bajo observaci\u00f3n m\u00e9dica, encontr\u00e1ndose en evaluaci\u00f3n conforme a su evoluci\u00f3n cl\u00ednica.<\/p>\n","protected":false},"excerpt":{"rendered":"<p>En la tarde del d\u00eda jueves 18 de diciembre, alrededor de las 16:30 horas, personal policial dependiente de la Jefatura Departamental fue comisionado al Complejo Termal, ante un requerimiento que alertaba sobre la presencia de un menor de edad con riesgo de vida. Al arribar al lugar, los efectivos tomaron conocimiento de que un ni\u00f1o [&hellip;]<\/p>\n","protected":false},"author":2,"featured_media":6451,"comment_status":"closed","ping_status":"closed","sticky":false,"template":"","format":"standard","meta":{"_et_pb_use_builder":"","_et_pb_old_content":"","footnotes":""},"categories":[1],"tags":[],"class_list":["post-6450","post","type-post","status-publish","format-standard","has-post-thumbnail","hentry","category-sin-categoria"],"_links":{"self":[{"href":"https:\/\/diarioelfederaense.com.ar\/index.php?rest_route=\/wp\/v2\/posts\/6450"}],"collection":[{"href":"https:\/\/diarioelfederaense.com.ar\/index.php?rest_route=\/wp\/v2\/posts"}],"about":[{"href":"https:\/\/diarioelfederaense.com.ar\/index.php?rest_route=\/wp\/v2\/types\/post"}],"author":[{"embeddable":true,"href":"https:\/\/diarioelfederaense.com.ar\/index.php?rest_route=\/wp\/v2\/users\/2"}],"replies":[{"embeddable":true,"href":"https:\/\/diarioelfederaense.com.ar\/index.php?rest_route=%2Fwp%2Fv2%2Fcomments&post=6450"}],"version-history":[{"count":2,"href":"https:\/\/diarioelfederaense.com.ar\/index.php?rest_route=\/wp\/v2\/posts\/6450\/revisions"}],"predecessor-version":[{"id":6454,"href":"https:\/\/diarioelfederaense.com.ar\/index.php?rest_route=\/wp\/v2\/posts\/6450\/revisions\/6454"}],"wp:featuredmedia":[{"embeddable":true,"href":"https:\/\/diarioelfederaense.com.ar\/index.php?rest_route=\/wp\/v2\/media\/6451"}],"wp:attachment":[{"href":"https:\/\/diarioelfederaense.com.ar\/index.php?rest_route=%2Fwp%2Fv2%2Fmedia&parent=6450"}],"wp:term":[{"taxonomy":"category","embeddable":true,"href":"https:\/\/diarioelfederaense.com.ar\/index.php?rest_route=%2Fwp%2Fv2%2Fcategories&post=6450"},{"taxonomy":"post_tag","embeddable":true,"href":"https:\/\/diarioelfederaense.com.ar\/index.php?rest_route=%2Fwp%2Fv2%2Ftags&post=6450"}],"curies":[{"name":"wp","href":"https:\/\/api.w.org\/{rel}","templated":true}]}}