{"id":6447,"date":"2025-12-18T17:43:38","date_gmt":"2025-12-18T20:43:38","guid":{"rendered":"https:\/\/diarioelfederaense.com.ar\/?p=6447"},"modified":"2025-12-18T17:43:39","modified_gmt":"2025-12-18T20:43:39","slug":"nino-fue-rescatado-en-termas-ya-casi-sin-conocimiento","status":"publish","type":"post","link":"https:\/\/diarioelfederaense.com.ar\/?p=6447","title":{"rendered":"NI\u00d1O FUE RESCATADO EN TERMAS YA CASI SIN CONOCIMIENTO"},"content":{"rendered":"\n<p><a><\/a>Momentos de extrema tensi\u00f3n y angustia se vivieron hace instantes en las Termas de Federaci\u00f3n, cuando un menor fue hallado en una de las piletas del complejo sin reacci\u00f3n, generando una r\u00e1pida intervenci\u00f3n de las personas presentes.<\/p>\n\n\n\n<p>Seg\u00fan los primeros testimonios, el ni\u00f1o no respond\u00eda al momento de ser asistido.<\/p>\n\n\n\n<p>La encargada del lugar, Gisela Bravo, manifest\u00f3 que el ni\u00f1o fur trasladado al Hospital San Jose para su atenci\u00f3n y de ah\u00ed derivado al Hospital de Concordia.<\/p>\n\n\n\n<p>El hecho vuelve a encender una fuerte alarma sobre la responsabilidad y el cuidado permanente de los adultos cuando hay menores en espacios con piletas, donde cada segundo resulta determinante.<\/p>\n","protected":false},"excerpt":{"rendered":"<p>Momentos de extrema tensi\u00f3n y angustia se vivieron hace instantes en las Termas de Federaci\u00f3n, cuando un menor fue hallado en una de las piletas del complejo sin reacci\u00f3n, generando una r\u00e1pida intervenci\u00f3n de las personas presentes. Seg\u00fan los primeros testimonios, el ni\u00f1o no respond\u00eda al momento de ser asistido. La encargada del lugar, Gisela [&hellip;]<\/p>\n","protected":false},"author":2,"featured_media":6448,"comment_status":"closed","ping_status":"closed","sticky":false,"template":"","format":"standard","meta":{"_et_pb_use_builder":"","_et_pb_old_content":"","footnotes":""},"categories":[1],"tags":[],"class_list":["post-6447","post","type-post","status-publish","format-standard","has-post-thumbnail","hentry","category-sin-categoria"],"_links":{"self":[{"href":"https:\/\/diarioelfederaense.com.ar\/index.php?rest_route=\/wp\/v2\/posts\/6447"}],"collection":[{"href":"https:\/\/diarioelfederaense.com.ar\/index.php?rest_route=\/wp\/v2\/posts"}],"about":[{"href":"https:\/\/diarioelfederaense.com.ar\/index.php?rest_route=\/wp\/v2\/types\/post"}],"author":[{"embeddable":true,"href":"https:\/\/diarioelfederaense.com.ar\/index.php?rest_route=\/wp\/v2\/users\/2"}],"replies":[{"embeddable":true,"href":"https:\/\/diarioelfederaense.com.ar\/index.php?rest_route=%2Fwp%2Fv2%2Fcomments&post=6447"}],"version-history":[{"count":1,"href":"https:\/\/diarioelfederaense.com.ar\/index.php?rest_route=\/wp\/v2\/posts\/6447\/revisions"}],"predecessor-version":[{"id":6449,"href":"https:\/\/diarioelfederaense.com.ar\/index.php?rest_route=\/wp\/v2\/posts\/6447\/revisions\/6449"}],"wp:featuredmedia":[{"embeddable":true,"href":"https:\/\/diarioelfederaense.com.ar\/index.php?rest_route=\/wp\/v2\/media\/6448"}],"wp:attachment":[{"href":"https:\/\/diarioelfederaense.com.ar\/index.php?rest_route=%2Fwp%2Fv2%2Fmedia&parent=6447"}],"wp:term":[{"taxonomy":"category","embeddable":true,"href":"https:\/\/diarioelfederaense.com.ar\/index.php?rest_route=%2Fwp%2Fv2%2Fcategories&post=6447"},{"taxonomy":"post_tag","embeddable":true,"href":"https:\/\/diarioelfederaense.com.ar\/index.php?rest_route=%2Fwp%2Fv2%2Ftags&post=6447"}],"curies":[{"name":"wp","href":"https:\/\/api.w.org\/{rel}","templated":true}]}}