{"id":6444,"date":"2025-12-18T16:34:51","date_gmt":"2025-12-18T19:34:51","guid":{"rendered":"https:\/\/diarioelfederaense.com.ar\/?p=6444"},"modified":"2025-12-18T16:34:51","modified_gmt":"2025-12-18T19:34:51","slug":"mal-debut-del-radical-schneider-en-la-camara-de-diputados-se-abstuvo-al-momento-de-defender-la-emergencia-en-discapacidad","status":"publish","type":"post","link":"https:\/\/diarioelfederaense.com.ar\/?p=6444","title":{"rendered":"MAL DEBUT DEL \u00abRADICAL\u00bb SCHNEIDER EN LA CAMARA DE DIPUTADOS: SE ABSTUVO AL MOMENTO DE DEFENDER LA EMERGENCIA EN DISCAPACIDAD"},"content":{"rendered":"\n<p><a><\/a>El bloque de 6 diputados radicales se parti\u00f3 en tres frente al intento de ajuste a las universidades y discapacidad<\/p>\n\n\n\n<p>Con apenas seis diputados en su haber -la cifra m\u00e1s baja de su historia-, el radicalismo sum\u00f3 un nuevo cap\u00edtulo a su crisis de identidad durante el debate del Presupuesto 2026. Al momento de tratar el pol\u00e9mico Cap\u00edtulo XI (que deroga las leyes de emergencia en discapacidad y financiamiento universitario), el bloque se atomiz\u00f3: hubo tres votos afirmativos, dos abstenciones y uno negativo, desnudando c\u00f3mo d\u00eda a d\u00eda se intensifica la p\u00e9rdida de su br\u00fajula legislativa.<\/p>\n\n\n\n<p>Tras el duro golpe electoral de octubre de 2025, donde el partido centenario solo logr\u00f3 renovar cuatro de las 14 bancas que pon\u00eda en juego, el bloque qued\u00f3 herido de muerte.<\/p>\n\n\n\n<p>La migraci\u00f3n de dirigentes hacia las filas de La Libertad Avanza (LLA) y los acuerdos individuales de gobernadores con el Ejecutivo nacional terminaron por configurar este \u00abmicro-bloque\u00bb que hoy conduce la mendocina Pamela Verasay y que no logr\u00f3 unificar la orientaci\u00f3n de sus votos.<\/p>\n\n\n\n<p>Los diputados que responden a Frigerio votaron a favor del Presupuesto de Milei, pero no hicieron uso de la palabra<\/p>\n\n\n\n<p>Este jueves a la madrugada la C\u00e1mara de Diputados de la Naci\u00f3n aprob\u00f3 en general el proyecto de ley del Presupuesto 2026 por 132 votos a favor, 97 en contra y 19 abstenciones. Para esto el oficialismo cont\u00f3 con apoyo del interbloque PRO-UCR y los gobernadores peronistas alineados con la Casa Rosada: Ra\u00fal Jalil (Catamarca), Gustavo S\u00e1enz (Salta), Osvaldo Jaldo (Tucum\u00e1n), Hugo Passalacqua (Misiones) y Marcelo Orrego (San Juan).<\/p>\n\n\n\n<p>Sin embargo, en la votaci\u00f3n en particular -que tal cual se hab\u00eda votado al principio de la sesi\u00f3n se hizo por cap\u00edtulos y no por art\u00edculos- el cap\u00edtulo XI fue rechazado por 117 votos a favor, 123 en contra y 2 abstenciones.<\/p>\n\n\n\n<p>En este cap\u00edtulo se encontraba el art\u00edculo 75, que derogaba las leyes de emergencia en discapacidad y financiamiento universitario votadas este a\u00f1o por el Congreso, vetadas posteriormente por el presidente Javier Milei e insistidas por ambas c\u00e1maras por dos tercios de los votos.<\/p>\n\n\n\n<p>Una votaci\u00f3n, tres caminos<\/p>\n\n\n\n<p>Lo ocurrido durante el tratamiento del Presupuesto no fue una simple diferencia de criterios, sino una muestra de anomia pol\u00edtica. Mientras el oficialismo consolidaba sus 95 bancas (y sumaba votos), los seis radicales se dividieron en las tres direcciones posibles que hab\u00eda.<\/p>\n\n\n\n<p>Los mendocinos Pamela Verasay y Lisandro Nieri, junto al chaque\u00f1o Guillermo Ag\u00fcero, aportaron sus votos afirmativos, aline\u00e1ndose con la estrategia de ajuste del Gobierno nacional.<\/p>\n\n\n\n<p>El correntino Di\u00f3genes Gonz\u00e1lez fue el \u00fanico del grupo que opt\u00f3 por el negativo y manifest\u00f3 su desacuerdo con el recorte en discapacidad y educaci\u00f3n.<\/p>\n\n\n\n<p>El entrerriano Dar\u00edo Schneider y el chaque\u00f1o Gerardo Cipolini eligieron el camino de la abstenci\u00f3n.<\/p>\n\n\n\n<p>Esta fragmentaci\u00f3n interna responde a una realidad ineludible: los diputados que quedan ya no responden a una plataforma nacional, sino a las urgencias de sus territorios o a sus propias trayectorias profesionales, y ni siquiera logran ponerse de acuerdo para votar en defensa de uno de sus principios hist\u00f3ricos: la defensa de la universidad p\u00fablica y gratuita.<\/p>\n","protected":false},"excerpt":{"rendered":"<p>El bloque de 6 diputados radicales se parti\u00f3 en tres frente al intento de ajuste a las universidades y discapacidad Con apenas seis diputados en su haber -la cifra m\u00e1s baja de su historia-, el radicalismo sum\u00f3 un nuevo cap\u00edtulo a su crisis de identidad durante el debate del Presupuesto 2026. Al momento de tratar [&hellip;]<\/p>\n","protected":false},"author":2,"featured_media":6445,"comment_status":"closed","ping_status":"closed","sticky":false,"template":"","format":"standard","meta":{"_et_pb_use_builder":"","_et_pb_old_content":"","footnotes":""},"categories":[1],"tags":[],"class_list":["post-6444","post","type-post","status-publish","format-standard","has-post-thumbnail","hentry","category-sin-categoria"],"_links":{"self":[{"href":"https:\/\/diarioelfederaense.com.ar\/index.php?rest_route=\/wp\/v2\/posts\/6444"}],"collection":[{"href":"https:\/\/diarioelfederaense.com.ar\/index.php?rest_route=\/wp\/v2\/posts"}],"about":[{"href":"https:\/\/diarioelfederaense.com.ar\/index.php?rest_route=\/wp\/v2\/types\/post"}],"author":[{"embeddable":true,"href":"https:\/\/diarioelfederaense.com.ar\/index.php?rest_route=\/wp\/v2\/users\/2"}],"replies":[{"embeddable":true,"href":"https:\/\/diarioelfederaense.com.ar\/index.php?rest_route=%2Fwp%2Fv2%2Fcomments&post=6444"}],"version-history":[{"count":1,"href":"https:\/\/diarioelfederaense.com.ar\/index.php?rest_route=\/wp\/v2\/posts\/6444\/revisions"}],"predecessor-version":[{"id":6446,"href":"https:\/\/diarioelfederaense.com.ar\/index.php?rest_route=\/wp\/v2\/posts\/6444\/revisions\/6446"}],"wp:featuredmedia":[{"embeddable":true,"href":"https:\/\/diarioelfederaense.com.ar\/index.php?rest_route=\/wp\/v2\/media\/6445"}],"wp:attachment":[{"href":"https:\/\/diarioelfederaense.com.ar\/index.php?rest_route=%2Fwp%2Fv2%2Fmedia&parent=6444"}],"wp:term":[{"taxonomy":"category","embeddable":true,"href":"https:\/\/diarioelfederaense.com.ar\/index.php?rest_route=%2Fwp%2Fv2%2Fcategories&post=6444"},{"taxonomy":"post_tag","embeddable":true,"href":"https:\/\/diarioelfederaense.com.ar\/index.php?rest_route=%2Fwp%2Fv2%2Ftags&post=6444"}],"curies":[{"name":"wp","href":"https:\/\/api.w.org\/{rel}","templated":true}]}}