{"id":6441,"date":"2025-12-18T16:20:15","date_gmt":"2025-12-18T19:20:15","guid":{"rendered":"https:\/\/diarioelfederaense.com.ar\/?p=6441"},"modified":"2025-12-18T16:20:16","modified_gmt":"2025-12-18T19:20:16","slug":"acto-de-la-cgt-si-no-nos-escuchan-vamos-a-terminar-en-un-paro-nacional","status":"publish","type":"post","link":"https:\/\/diarioelfederaense.com.ar\/?p=6441","title":{"rendered":"Acto de la CGT: \u00abSi no nos escuchan vamos a terminar en un paro nacional\u00bb"},"content":{"rendered":"\n<p><a><\/a>La Confederaci\u00f3n General del Trabajo (CGT) realiz\u00f3 este jueves una movilizaci\u00f3n masiva en Plaza de Mayo en rechazo a la reforma laboral impulsada por el gobierno del presidente Javier Milei. El acto comenz\u00f3 a las 15 y hablaron los miembros de la nueva conducci\u00f3n de la central, integrada por los secretarios generales Jorge Sola, Cristian Jer\u00f3nimo y Octavio Arg\u00fcello.<\/p>\n\n\n\n<p>El tono de los discursos fue duro contra la reforma y las pol\u00edticas del Gobierno. \u00abSiguen sin escucharnos\u00bb, avis\u00f3 Jorge Sola y advirti\u00f3 a las autoridades que, de persistir en esta actitud, profundizar\u00e1n el plan de lucha hasta \u00abterminar en un paro nacional\u00bb.<\/p>\n\n\n\n<p>En la previa de la movilizaci\u00f3n, la Plaza de Mayo apareci\u00f3 vallada y con un fuerte operativo policial a la espera de que se acerquen los primeros manifestantes cerca del mediod\u00eda. Por otro lado, las autoridades de seguridad advirtieron que el objetivo es evitar cortes totales de calles, aunque reconocieron que el potencial volumen de la marcha puede dificultar la aplicaci\u00f3n del protocolo antipiquete.<\/p>\n\n\n\n<p>Cabe destacar que el Senado se encuentra debatiendo la reforma en comisiones, lo que despert\u00f3 la reacci\u00f3n sindical. Se espera que el oficialismo consiga dictamen de cara al fin de semana y se comience a discutir en el recinto la pr\u00f3xima semana. Desde el Gobierno sostienen que el proyecto es una pieza clave del programa econ\u00f3mico para reactivar el empleo formal, reducir la litigiosidad y terminar con un esquema que, seg\u00fan argumentan, desalienta la contrataci\u00f3n y empuja a millones de trabajadores a la informalidad.<\/p>\n","protected":false},"excerpt":{"rendered":"<p>La Confederaci\u00f3n General del Trabajo (CGT) realiz\u00f3 este jueves una movilizaci\u00f3n masiva en Plaza de Mayo en rechazo a la reforma laboral impulsada por el gobierno del presidente Javier Milei. El acto comenz\u00f3 a las 15 y hablaron los miembros de la nueva conducci\u00f3n de la central, integrada por los secretarios generales Jorge Sola, Cristian [&hellip;]<\/p>\n","protected":false},"author":2,"featured_media":6442,"comment_status":"closed","ping_status":"closed","sticky":false,"template":"","format":"standard","meta":{"_et_pb_use_builder":"","_et_pb_old_content":"","footnotes":""},"categories":[1],"tags":[],"class_list":["post-6441","post","type-post","status-publish","format-standard","has-post-thumbnail","hentry","category-sin-categoria"],"_links":{"self":[{"href":"https:\/\/diarioelfederaense.com.ar\/index.php?rest_route=\/wp\/v2\/posts\/6441"}],"collection":[{"href":"https:\/\/diarioelfederaense.com.ar\/index.php?rest_route=\/wp\/v2\/posts"}],"about":[{"href":"https:\/\/diarioelfederaense.com.ar\/index.php?rest_route=\/wp\/v2\/types\/post"}],"author":[{"embeddable":true,"href":"https:\/\/diarioelfederaense.com.ar\/index.php?rest_route=\/wp\/v2\/users\/2"}],"replies":[{"embeddable":true,"href":"https:\/\/diarioelfederaense.com.ar\/index.php?rest_route=%2Fwp%2Fv2%2Fcomments&post=6441"}],"version-history":[{"count":1,"href":"https:\/\/diarioelfederaense.com.ar\/index.php?rest_route=\/wp\/v2\/posts\/6441\/revisions"}],"predecessor-version":[{"id":6443,"href":"https:\/\/diarioelfederaense.com.ar\/index.php?rest_route=\/wp\/v2\/posts\/6441\/revisions\/6443"}],"wp:featuredmedia":[{"embeddable":true,"href":"https:\/\/diarioelfederaense.com.ar\/index.php?rest_route=\/wp\/v2\/media\/6442"}],"wp:attachment":[{"href":"https:\/\/diarioelfederaense.com.ar\/index.php?rest_route=%2Fwp%2Fv2%2Fmedia&parent=6441"}],"wp:term":[{"taxonomy":"category","embeddable":true,"href":"https:\/\/diarioelfederaense.com.ar\/index.php?rest_route=%2Fwp%2Fv2%2Fcategories&post=6441"},{"taxonomy":"post_tag","embeddable":true,"href":"https:\/\/diarioelfederaense.com.ar\/index.php?rest_route=%2Fwp%2Fv2%2Ftags&post=6441"}],"curies":[{"name":"wp","href":"https:\/\/api.w.org\/{rel}","templated":true}]}}