{"id":6432,"date":"2025-12-18T12:43:16","date_gmt":"2025-12-18T15:43:16","guid":{"rendered":"https:\/\/diarioelfederaense.com.ar\/?p=6432"},"modified":"2025-12-18T12:43:17","modified_gmt":"2025-12-18T15:43:17","slug":"ivan-stivanello-asumio-la-presidencia-departamental-del-pro-federacion","status":"publish","type":"post","link":"https:\/\/diarioelfederaense.com.ar\/?p=6432","title":{"rendered":"Iv\u00e1n Stivanello asumi\u00f3 la presidencia departamental del PRO Federaci\u00f3n"},"content":{"rendered":"\n<p>El concejal de Chajar\u00ed, Iv\u00e1n Stivanello, en Paran\u00e1 asumi\u00f3 como presidente departamental del PRO Federaci\u00f3n, dando inicio a una nueva etapa de conducci\u00f3n pol\u00edtica con fuerte anclaje territorial y proyecci\u00f3n provincial.<\/p>\n\n\n\n<p>Tal lo informado, la nueva conducci\u00f3n departamental se encuentra en sinton\u00eda con el gobierno provincial encabezado por Rogelio Frigerio y la nueva presidenta del PRO Entre R\u00edos, Nancy Ballejos, con los cuales se comparte el objetivo de fortalecer la estructura partidaria, ampliar su presencia provincial y potenciar a los dirigentes locales en cada rinc\u00f3n del territorio.<\/p>\n\n\n\n<p>\u201cCon esta renovaci\u00f3n de autoridades buscamos afianzar el partido de cara a un 2027 con mas m\u00fasculo pol\u00edtico, como dijo nuestra presidenta, siempre apoy\u00e1ndonos en di\u00e1logos y consensos con nuestros vecinos, y con las dem\u00e1s fuerzas tambi\u00e9n, con el norte fijado en defender el cambio que la provincia viene atravesando impulsado por el Gobernador y que sin dudas y lo cito: \u2018Ma\u00f1ana ser\u00e1 mejor que hoy\u2019 \u201d, expres\u00f3 el referente partidario oriundo de Chajar\u00ed.<\/p>\n\n\n\n<p>De esta manera, Chajar\u00ed posiciona a dos referentes en el partido, ya que la ex diputada nacional, Nancy Ballejos, asumi\u00f3 como titular del PRO a nivel provincial.<\/p>\n\n\n\n<figure class=\"wp-block-image\"><img decoding=\"async\" src=\"https:\/\/chajarialdia.com.ar\/wp-content\/uploads\/2025\/12\/WhatsApp-Image-2025-12-18-at-08.05.53-1-1170x694.jpeg\" alt=\"\" class=\"wp-image-305153\"\/><\/figure>\n\n\n\n<p>A nivel departamental, el PRO qued\u00f3 conformado de la siguiente manera<\/p>\n\n\n\n<p>Presidente: Jorge Iv\u00e1n Stivanello;<br>Vicepresidenta: Cecilia Isabel Malleret;<br>Secretario General: Oscar Horacio Carranza;<br>Secretario de la Juventud: Gabriel Alberto Dal Molin;<br>Vocales: Nancy Betiana Tisocco, Marcelo Javier Fontana, Mar\u00eda de los \u00c1ngeles Barreto, Roberto Horacio Surt y Ofelia Carina G\u00f3mez.<\/p>\n","protected":false},"excerpt":{"rendered":"<p>El concejal de Chajar\u00ed, Iv\u00e1n Stivanello, en Paran\u00e1 asumi\u00f3 como presidente departamental del PRO Federaci\u00f3n, dando inicio a una nueva etapa de conducci\u00f3n pol\u00edtica con fuerte anclaje territorial y proyecci\u00f3n provincial. Tal lo informado, la nueva conducci\u00f3n departamental se encuentra en sinton\u00eda con el gobierno provincial encabezado por Rogelio Frigerio y la nueva presidenta del [&hellip;]<\/p>\n","protected":false},"author":2,"featured_media":6433,"comment_status":"closed","ping_status":"closed","sticky":false,"template":"","format":"standard","meta":{"_et_pb_use_builder":"","_et_pb_old_content":"","footnotes":""},"categories":[1],"tags":[],"class_list":["post-6432","post","type-post","status-publish","format-standard","has-post-thumbnail","hentry","category-sin-categoria"],"_links":{"self":[{"href":"https:\/\/diarioelfederaense.com.ar\/index.php?rest_route=\/wp\/v2\/posts\/6432"}],"collection":[{"href":"https:\/\/diarioelfederaense.com.ar\/index.php?rest_route=\/wp\/v2\/posts"}],"about":[{"href":"https:\/\/diarioelfederaense.com.ar\/index.php?rest_route=\/wp\/v2\/types\/post"}],"author":[{"embeddable":true,"href":"https:\/\/diarioelfederaense.com.ar\/index.php?rest_route=\/wp\/v2\/users\/2"}],"replies":[{"embeddable":true,"href":"https:\/\/diarioelfederaense.com.ar\/index.php?rest_route=%2Fwp%2Fv2%2Fcomments&post=6432"}],"version-history":[{"count":1,"href":"https:\/\/diarioelfederaense.com.ar\/index.php?rest_route=\/wp\/v2\/posts\/6432\/revisions"}],"predecessor-version":[{"id":6434,"href":"https:\/\/diarioelfederaense.com.ar\/index.php?rest_route=\/wp\/v2\/posts\/6432\/revisions\/6434"}],"wp:featuredmedia":[{"embeddable":true,"href":"https:\/\/diarioelfederaense.com.ar\/index.php?rest_route=\/wp\/v2\/media\/6433"}],"wp:attachment":[{"href":"https:\/\/diarioelfederaense.com.ar\/index.php?rest_route=%2Fwp%2Fv2%2Fmedia&parent=6432"}],"wp:term":[{"taxonomy":"category","embeddable":true,"href":"https:\/\/diarioelfederaense.com.ar\/index.php?rest_route=%2Fwp%2Fv2%2Fcategories&post=6432"},{"taxonomy":"post_tag","embeddable":true,"href":"https:\/\/diarioelfederaense.com.ar\/index.php?rest_route=%2Fwp%2Fv2%2Ftags&post=6432"}],"curies":[{"name":"wp","href":"https:\/\/api.w.org\/{rel}","templated":true}]}}