{"id":6426,"date":"2025-12-17T15:31:44","date_gmt":"2025-12-17T18:31:44","guid":{"rendered":"https:\/\/diarioelfederaense.com.ar\/?p=6426"},"modified":"2025-12-17T15:31:45","modified_gmt":"2025-12-17T18:31:45","slug":"informe-detallado-de-acciones-llevadas-adelante-por-la-biblioteca-popular-rivadavia","status":"publish","type":"post","link":"https:\/\/diarioelfederaense.com.ar\/?p=6426","title":{"rendered":"INFORME DETALLADO DE ACCIONES LLEVADAS ADELANTE POR LA BIBLIOTECA POPULAR RIVADAVIA."},"content":{"rendered":"\n<p>A\u00d1O 2025. <a href=\"https:\/\/www.facebook.com\/Biblioteca67?__cft__[0]=AZaH_-H3Pf4a54sKzah1Xt6v5GjZDOgQ-SmvTmdqF0OX6gzjUbFZDyjZP9ckLO52JK7nTHn9ymPjHOiyEFTNeliesYe-mCVVrcOlAYZ9d7zBAOYdvX6s86DyylRKGWx-LMaJpWCTdwNktFxl5_BAH3BuTgecWALLY_mjbxVPrTPcKqZlSGdDAeN_OL83aNaFeUU&amp;__tn__=-]K-R\">Biblioteca Popular \u00abRivadavia\u00bb Federaci\u00f3n.<\/a><\/p>\n\n\n\n<p><a><\/a> Federaci\u00f3n, 17 diciembre 2025<\/p>\n\n\n\n<p>La Biblioteca Popular Rivadavia, informa a sus socios y poblaci\u00f3n en general las actividades realizadas durante el periodo 2025.<\/p>\n\n\n\n<p>Se realizaron durante el a\u00f1o distintas capacitaciones y talleres en inform\u00e1tica, idioma, arte, literatura, clases de apoyo escolares, clases de piano.<\/p>\n\n\n\n<p>En la parte edilicia se procedi\u00f3 a la reparaci\u00f3n de paredes con humedad con la colocaci\u00f3n de placas.<\/p>\n\n\n\n<p>Se restauro el sistema de instalaci\u00f3n el\u00e9ctrica e instalaci\u00f3n de nuevas luminarias en el sal\u00f3n principal.<\/p>\n\n\n\n<p>Se adquirieron para el funcionamiento administrativo una computadora nueva, dos sillones de oficina para el personal, una impresora laser color, una heladera, un equipo aire acondicionado frio\/calor, 60 sillas pl\u00e1sticas.<\/p>\n\n\n\n<p>Se organizo y realizo con \u00e9xito la XIII Feria del Libro y distintos eventos exitosos como la presentaci\u00f3n de Tango Sinf\u00f3nico en el Audit\u00f3rium Ciudad de Federaci\u00f3n.<\/p>\n\n\n\n<p>Se participo de la Feria del Libro Buenos Aires comprando importante cantidad de libros para nuestro sistema de pr\u00e9stamo a los socios.<\/p>\n\n\n\n<p>Se recibieron aportes y donaciones de la Comisi\u00f3n T\u00e9cnica Mixta de Salto Grande en dinero efectivo y una impresora laser blanco \/negro.<\/p>\n\n\n\n<p>Se recibi\u00f3 un subsidio no reintegrable del Senado de Entre R\u00edos.<\/p>\n\n\n\n<p>Se cre\u00f3 el club de lectura y durante el a\u00f1o se realizaron diversas presentaciones de libros, charlas y conferencias de distintos temas.<\/p>\n\n\n\n<p>Importante resaltar la creaci\u00f3n de la futura orquesta sinf\u00f3nica Federaense que estar\u00e1 a cargo del Dr. Emiliano Zubaran.<\/p>\n\n\n\n<p>Se agradece el acompa\u00f1amiento de la poblaci\u00f3n en los distintos beneficios realizados para recaudar fondos y la profesionalidad y responsabilidad del personal.<\/p>\n\n\n\n<p>Para los socios tengan en cuenta que sus cuotas vuelven a la instituci\u00f3n en inversiones. A partir de enero 2026 incorporamos nueva cobradora, adem\u00e1s del sistema por transferencia. El importe de las cuotas ser\u00e1 de: Socio familiar $ 4.000, Socio activo $ 3.000, socio adherente $ 2500.<\/p>\n\n\n\n<p>A partir de marzo 2026 se abren las inscripciones para cursos y talleres anuales y se recibir\u00e1n presentaciones de nuevos proyectos para quienes est\u00e9n interesados en formar parte del equipo de la Biblioteca Popular Rivadavia.<\/p>\n\n\n\n<p>Atentamente<\/p>\n\n\n\n<p>Gustavo Combis<\/p>\n\n\n\n<p>Presidente Comisi\u00f3n Directiva<\/p>\n","protected":false},"excerpt":{"rendered":"<p>A\u00d1O 2025. Biblioteca Popular \u00abRivadavia\u00bb Federaci\u00f3n. Federaci\u00f3n, 17 diciembre 2025 La Biblioteca Popular Rivadavia, informa a sus socios y poblaci\u00f3n en general las actividades realizadas durante el periodo 2025. Se realizaron durante el a\u00f1o distintas capacitaciones y talleres en inform\u00e1tica, idioma, arte, literatura, clases de apoyo escolares, clases de piano. En la parte edilicia se [&hellip;]<\/p>\n","protected":false},"author":2,"featured_media":6427,"comment_status":"closed","ping_status":"closed","sticky":false,"template":"","format":"standard","meta":{"_et_pb_use_builder":"","_et_pb_old_content":"","footnotes":""},"categories":[1],"tags":[],"class_list":["post-6426","post","type-post","status-publish","format-standard","has-post-thumbnail","hentry","category-sin-categoria"],"_links":{"self":[{"href":"https:\/\/diarioelfederaense.com.ar\/index.php?rest_route=\/wp\/v2\/posts\/6426"}],"collection":[{"href":"https:\/\/diarioelfederaense.com.ar\/index.php?rest_route=\/wp\/v2\/posts"}],"about":[{"href":"https:\/\/diarioelfederaense.com.ar\/index.php?rest_route=\/wp\/v2\/types\/post"}],"author":[{"embeddable":true,"href":"https:\/\/diarioelfederaense.com.ar\/index.php?rest_route=\/wp\/v2\/users\/2"}],"replies":[{"embeddable":true,"href":"https:\/\/diarioelfederaense.com.ar\/index.php?rest_route=%2Fwp%2Fv2%2Fcomments&post=6426"}],"version-history":[{"count":1,"href":"https:\/\/diarioelfederaense.com.ar\/index.php?rest_route=\/wp\/v2\/posts\/6426\/revisions"}],"predecessor-version":[{"id":6428,"href":"https:\/\/diarioelfederaense.com.ar\/index.php?rest_route=\/wp\/v2\/posts\/6426\/revisions\/6428"}],"wp:featuredmedia":[{"embeddable":true,"href":"https:\/\/diarioelfederaense.com.ar\/index.php?rest_route=\/wp\/v2\/media\/6427"}],"wp:attachment":[{"href":"https:\/\/diarioelfederaense.com.ar\/index.php?rest_route=%2Fwp%2Fv2%2Fmedia&parent=6426"}],"wp:term":[{"taxonomy":"category","embeddable":true,"href":"https:\/\/diarioelfederaense.com.ar\/index.php?rest_route=%2Fwp%2Fv2%2Fcategories&post=6426"},{"taxonomy":"post_tag","embeddable":true,"href":"https:\/\/diarioelfederaense.com.ar\/index.php?rest_route=%2Fwp%2Fv2%2Ftags&post=6426"}],"curies":[{"name":"wp","href":"https:\/\/api.w.org\/{rel}","templated":true}]}}