{"id":6420,"date":"2025-12-17T14:18:34","date_gmt":"2025-12-17T17:18:34","guid":{"rendered":"https:\/\/diarioelfederaense.com.ar\/?p=6420"},"modified":"2025-12-17T14:18:35","modified_gmt":"2025-12-17T17:18:35","slug":"este-sabado-se-paga-el-aguinaldo-a-empleados-publicos-de-entre-rios","status":"publish","type":"post","link":"https:\/\/diarioelfederaense.com.ar\/?p=6420","title":{"rendered":"ESTE S\u00c1BADO SE PAGA EL AGUINALDO A EMPLEADOS P\u00daBLICOS DE ENTRE R\u00cdOS"},"content":{"rendered":"\n<p><a><\/a>El Gobierno provincial inform\u00f3 qu\u00e9 d\u00eda estar\u00e1n acreditados en las cuentas de los trabajadores y jubilados.<\/p>\n\n\n\n<p>El Sueldo Anual Complementario (SAC) para activos y pasivos de la administraci\u00f3n p\u00fablica se abonar\u00e1 el pr\u00f3ximo 20 de diciembre, seg\u00fan lo inform\u00f3 el gobierno provincial.<\/p>\n\n\n\n<p>La acreditaci\u00f3n ser\u00e1 el s\u00e1bado. De esa manera, destacaron que \u201ctodos los activos y pasivos de la administraci\u00f3n p\u00fablica contar\u00e1n con \u00e9l antes de las fiestas navide\u00f1as y de fin de a\u00f1o\u201d.<\/p>\n","protected":false},"excerpt":{"rendered":"<p>El Gobierno provincial inform\u00f3 qu\u00e9 d\u00eda estar\u00e1n acreditados en las cuentas de los trabajadores y jubilados. El Sueldo Anual Complementario (SAC) para activos y pasivos de la administraci\u00f3n p\u00fablica se abonar\u00e1 el pr\u00f3ximo 20 de diciembre, seg\u00fan lo inform\u00f3 el gobierno provincial. La acreditaci\u00f3n ser\u00e1 el s\u00e1bado. De esa manera, destacaron que \u201ctodos los activos [&hellip;]<\/p>\n","protected":false},"author":2,"featured_media":6421,"comment_status":"closed","ping_status":"closed","sticky":false,"template":"","format":"standard","meta":{"_et_pb_use_builder":"","_et_pb_old_content":"","footnotes":""},"categories":[1],"tags":[],"class_list":["post-6420","post","type-post","status-publish","format-standard","has-post-thumbnail","hentry","category-sin-categoria"],"_links":{"self":[{"href":"https:\/\/diarioelfederaense.com.ar\/index.php?rest_route=\/wp\/v2\/posts\/6420"}],"collection":[{"href":"https:\/\/diarioelfederaense.com.ar\/index.php?rest_route=\/wp\/v2\/posts"}],"about":[{"href":"https:\/\/diarioelfederaense.com.ar\/index.php?rest_route=\/wp\/v2\/types\/post"}],"author":[{"embeddable":true,"href":"https:\/\/diarioelfederaense.com.ar\/index.php?rest_route=\/wp\/v2\/users\/2"}],"replies":[{"embeddable":true,"href":"https:\/\/diarioelfederaense.com.ar\/index.php?rest_route=%2Fwp%2Fv2%2Fcomments&post=6420"}],"version-history":[{"count":1,"href":"https:\/\/diarioelfederaense.com.ar\/index.php?rest_route=\/wp\/v2\/posts\/6420\/revisions"}],"predecessor-version":[{"id":6422,"href":"https:\/\/diarioelfederaense.com.ar\/index.php?rest_route=\/wp\/v2\/posts\/6420\/revisions\/6422"}],"wp:featuredmedia":[{"embeddable":true,"href":"https:\/\/diarioelfederaense.com.ar\/index.php?rest_route=\/wp\/v2\/media\/6421"}],"wp:attachment":[{"href":"https:\/\/diarioelfederaense.com.ar\/index.php?rest_route=%2Fwp%2Fv2%2Fmedia&parent=6420"}],"wp:term":[{"taxonomy":"category","embeddable":true,"href":"https:\/\/diarioelfederaense.com.ar\/index.php?rest_route=%2Fwp%2Fv2%2Fcategories&post=6420"},{"taxonomy":"post_tag","embeddable":true,"href":"https:\/\/diarioelfederaense.com.ar\/index.php?rest_route=%2Fwp%2Fv2%2Ftags&post=6420"}],"curies":[{"name":"wp","href":"https:\/\/api.w.org\/{rel}","templated":true}]}}