{"id":6417,"date":"2025-12-17T09:27:06","date_gmt":"2025-12-17T12:27:06","guid":{"rendered":"https:\/\/diarioelfederaense.com.ar\/?p=6417"},"modified":"2025-12-17T09:27:07","modified_gmt":"2025-12-17T12:27:07","slug":"fallecio-en-monte-caseros-juan-javier-pereyra-conocido-atleta-de-nuestra-region","status":"publish","type":"post","link":"https:\/\/diarioelfederaense.com.ar\/?p=6417","title":{"rendered":"Falleci\u00f3 en Monte Caseros Juan Javier Pereyra, conocido atleta de nuestra regi\u00f3n"},"content":{"rendered":"\n<p><a><\/a>Con much\u00edsima tristeza recib\u00edamos la informaci\u00f3n del fallecimiento de Juan Javier Pereyra, suboficial del Ej\u00e9rcito Argentino, esta madrugada y que se encontraba cumpliendo funciones en la unidad de Monte Caseros.<\/p>\n\n\n\n<p>Juan Javier era un conocid\u00edsimo atleta de nuestra regi\u00f3n y ha competido en innumerables maratones tanto regionales, nacionales como internacionales logrando lauros importantes.<\/p>\n\n\n\n<p>Se investiga su fallecimiento que se produjo por autodeterminaci\u00f3n, se inform\u00f3 desde la unidad militar.<\/p>\n\n\n\n<p>talcualchajari<\/p>\n","protected":false},"excerpt":{"rendered":"<p>Con much\u00edsima tristeza recib\u00edamos la informaci\u00f3n del fallecimiento de Juan Javier Pereyra, suboficial del Ej\u00e9rcito Argentino, esta madrugada y que se encontraba cumpliendo funciones en la unidad de Monte Caseros. Juan Javier era un conocid\u00edsimo atleta de nuestra regi\u00f3n y ha competido en innumerables maratones tanto regionales, nacionales como internacionales logrando lauros importantes. Se investiga [&hellip;]<\/p>\n","protected":false},"author":2,"featured_media":6418,"comment_status":"closed","ping_status":"closed","sticky":false,"template":"","format":"standard","meta":{"_et_pb_use_builder":"","_et_pb_old_content":"","footnotes":""},"categories":[1],"tags":[],"class_list":["post-6417","post","type-post","status-publish","format-standard","has-post-thumbnail","hentry","category-sin-categoria"],"_links":{"self":[{"href":"https:\/\/diarioelfederaense.com.ar\/index.php?rest_route=\/wp\/v2\/posts\/6417"}],"collection":[{"href":"https:\/\/diarioelfederaense.com.ar\/index.php?rest_route=\/wp\/v2\/posts"}],"about":[{"href":"https:\/\/diarioelfederaense.com.ar\/index.php?rest_route=\/wp\/v2\/types\/post"}],"author":[{"embeddable":true,"href":"https:\/\/diarioelfederaense.com.ar\/index.php?rest_route=\/wp\/v2\/users\/2"}],"replies":[{"embeddable":true,"href":"https:\/\/diarioelfederaense.com.ar\/index.php?rest_route=%2Fwp%2Fv2%2Fcomments&post=6417"}],"version-history":[{"count":1,"href":"https:\/\/diarioelfederaense.com.ar\/index.php?rest_route=\/wp\/v2\/posts\/6417\/revisions"}],"predecessor-version":[{"id":6419,"href":"https:\/\/diarioelfederaense.com.ar\/index.php?rest_route=\/wp\/v2\/posts\/6417\/revisions\/6419"}],"wp:featuredmedia":[{"embeddable":true,"href":"https:\/\/diarioelfederaense.com.ar\/index.php?rest_route=\/wp\/v2\/media\/6418"}],"wp:attachment":[{"href":"https:\/\/diarioelfederaense.com.ar\/index.php?rest_route=%2Fwp%2Fv2%2Fmedia&parent=6417"}],"wp:term":[{"taxonomy":"category","embeddable":true,"href":"https:\/\/diarioelfederaense.com.ar\/index.php?rest_route=%2Fwp%2Fv2%2Fcategories&post=6417"},{"taxonomy":"post_tag","embeddable":true,"href":"https:\/\/diarioelfederaense.com.ar\/index.php?rest_route=%2Fwp%2Fv2%2Ftags&post=6417"}],"curies":[{"name":"wp","href":"https:\/\/api.w.org\/{rel}","templated":true}]}}