{"id":6411,"date":"2025-12-17T08:16:21","date_gmt":"2025-12-17T11:16:21","guid":{"rendered":"https:\/\/diarioelfederaense.com.ar\/?p=6411"},"modified":"2025-12-17T08:16:22","modified_gmt":"2025-12-17T11:16:22","slug":"ruta-14-hubo-un-aumento-de-siniestros-viales-en-dos-departamentos-de-la-costa-del-uruguay","status":"publish","type":"post","link":"https:\/\/diarioelfederaense.com.ar\/?p=6411","title":{"rendered":"RUTA 14: Hubo un aumento de siniestros viales en dos departamentos de la costa del Uruguay"},"content":{"rendered":"\n<p><a><\/a>De cara a la pr\u00f3xima temporada estival y el aumento en el flujo vehicular que supone, desde Prevenci\u00f3n y Seguridad Vial precisaron que en la provincia se registran m\u00e1s de 750 siniestros.<\/p>\n\n\n\n<p>En di\u00e1logo con Diario R\u00edo Uruguay, el director de Prevenci\u00f3n y Seguridad Vial de la provincia, Diego Passarello, expres\u00f3 que \u201csiempre en temporada de vacaciones y fines de semana largos, el flujo vehicular aumenta notoriamente y con eso, tambi\u00e9n aumentan los riesgos en la ruta\u201d.<\/p>\n\n\n\n<p>Al respecto, manifest\u00f3 que \u201cesto es una realidad que tiene que ver con los n\u00fameros que tenemos actualmente\u201d. Dicho esto, apunt\u00f3 que \u201cen lo que va del a\u00f1o, la Polic\u00eda provincial ha intervenido en 766 siniestros con lesionados, de los cuales resultaron 691 personas con lesiones graves y 300 con lesiones leves\u201d.<\/p>\n\n\n\n<p>Adem\u00e1s, precis\u00f3 que \u201cal d\u00eda de la fecha se registran 126 v\u00edctimas fatales en todas las provincias argentinas, de las cuales 80 acontecieron en rutas, que representan el 63% de los siniestros\u201d. Ese porcentaje, seg\u00fan sus palabras, tiene \u201cmayor incidencia en las rutas nacionales que en las rutas provinciales\u201d.<\/p>\n\n\n\n<p>Fue all\u00ed donde apunt\u00f3 que \u201cla Ruta 12, entre Brazo Largo y Ceibas, tiene una alta incidencia de siniestralidad\u201d, as\u00ed como tambi\u00e9n \u201cla Ruta 14, sobre las localidades de Gualeguaych\u00fa y Concordia, donde se nota un aumento de siniestros\u201d.<\/p>\n\n\n\n<p>Mayor siniestralidad<\/p>\n\n\n\n<p>Por otra parte, Passarello explic\u00f3 que \u201clos meses en los que hubo mayor siniestralidad este a\u00f1o han sido abril y noviembre\u201d. Teniendo eso en cuenta, remarc\u00f3 que \u201chay una correspondencia tambi\u00e9n con el flujo vehicular, que es determinante en la siniestralidad\u201d.<\/p>\n\n\n\n<p>No obstante, manifest\u00f3 que \u201cno quiero quitar responsabilidad al conductor entrerriano, pero uno entiende que, a mayor cantidad de flujo vehicular como consecuencia de los fines de semana y el turismo, tiene mayor incidencia en el riesgo\u201d, ya que \u201clamentablemente m\u00e1s de una vez estamos lamentando alguna v\u00edctima fatal como consecuencia de un siniestro\u201d.<\/p>\n\n\n\n<p>En base a esto, apunt\u00f3 que \u201c7 de cada 10 siniestros se producen como una consecuencia de una colisi\u00f3n. Cuando nosotros analizamos el tipo de siniestros, muchas veces est\u00e1 el choque que conocemos todos, que en realidad es el impacto de un veh\u00edculo contra un objeto determinado, el despiste o la colisi\u00f3n\u201d.<\/p>\n\n\n\n<p>Adelantamientos<\/p>\n\n\n\n<p>De acuerdo con estas estad\u00edsticas, precis\u00f3 que \u201cuna colisi\u00f3n se produce fundamentalmente entre dos o m\u00e1s veh\u00edculos\u201d y apunt\u00f3 que \u201cesto tiene que ver con los adelantamientos, con la responsabilidad humana y, en menor medida, con factores ambientales como la niebla, la lluvia, la acumulaci\u00f3n de agua en la calzada o bien con factores mec\u00e1nicos\u201d.<\/p>\n\n\n\n<p>Sin embargo, reconoci\u00f3 que \u201cfundamentalmente hablamos de responsabilidad humana, porque cuando se hace un relevamiento inicial del siniestro, muchas veces notamos que hubo un adelantamiento en zona indebida o que se produjo como consecuencia despu\u00e9s de una curva o de una subida en donde hab\u00eda una demarcaci\u00f3n determinada por doble l\u00ednea amarilla\u201d.<\/p>\n\n\n\n<p>Finalmente, agreg\u00f3 que \u201cla otra cuesti\u00f3n es la que tiene que ver con el exceso de velocidad. Por eso entendemos que, en uno de cada tres siniestros, la velocidad es determinante en la relaci\u00f3n causa-efecto\u201d. Debido a esto, consider\u00f3 que \u201ctodos tenemos que tratar de ayudar a que haya un equilibrio para que todos los usuarios de la v\u00eda p\u00fablica puedan hacer uso de esta sin poner en riesgo la vida de los dem\u00e1s\u201d.<\/p>\n","protected":false},"excerpt":{"rendered":"<p>De cara a la pr\u00f3xima temporada estival y el aumento en el flujo vehicular que supone, desde Prevenci\u00f3n y Seguridad Vial precisaron que en la provincia se registran m\u00e1s de 750 siniestros. En di\u00e1logo con Diario R\u00edo Uruguay, el director de Prevenci\u00f3n y Seguridad Vial de la provincia, Diego Passarello, expres\u00f3 que \u201csiempre en temporada [&hellip;]<\/p>\n","protected":false},"author":2,"featured_media":6412,"comment_status":"closed","ping_status":"closed","sticky":false,"template":"","format":"standard","meta":{"_et_pb_use_builder":"","_et_pb_old_content":"","footnotes":""},"categories":[1],"tags":[],"class_list":["post-6411","post","type-post","status-publish","format-standard","has-post-thumbnail","hentry","category-sin-categoria"],"_links":{"self":[{"href":"https:\/\/diarioelfederaense.com.ar\/index.php?rest_route=\/wp\/v2\/posts\/6411"}],"collection":[{"href":"https:\/\/diarioelfederaense.com.ar\/index.php?rest_route=\/wp\/v2\/posts"}],"about":[{"href":"https:\/\/diarioelfederaense.com.ar\/index.php?rest_route=\/wp\/v2\/types\/post"}],"author":[{"embeddable":true,"href":"https:\/\/diarioelfederaense.com.ar\/index.php?rest_route=\/wp\/v2\/users\/2"}],"replies":[{"embeddable":true,"href":"https:\/\/diarioelfederaense.com.ar\/index.php?rest_route=%2Fwp%2Fv2%2Fcomments&post=6411"}],"version-history":[{"count":1,"href":"https:\/\/diarioelfederaense.com.ar\/index.php?rest_route=\/wp\/v2\/posts\/6411\/revisions"}],"predecessor-version":[{"id":6413,"href":"https:\/\/diarioelfederaense.com.ar\/index.php?rest_route=\/wp\/v2\/posts\/6411\/revisions\/6413"}],"wp:featuredmedia":[{"embeddable":true,"href":"https:\/\/diarioelfederaense.com.ar\/index.php?rest_route=\/wp\/v2\/media\/6412"}],"wp:attachment":[{"href":"https:\/\/diarioelfederaense.com.ar\/index.php?rest_route=%2Fwp%2Fv2%2Fmedia&parent=6411"}],"wp:term":[{"taxonomy":"category","embeddable":true,"href":"https:\/\/diarioelfederaense.com.ar\/index.php?rest_route=%2Fwp%2Fv2%2Fcategories&post=6411"},{"taxonomy":"post_tag","embeddable":true,"href":"https:\/\/diarioelfederaense.com.ar\/index.php?rest_route=%2Fwp%2Fv2%2Ftags&post=6411"}],"curies":[{"name":"wp","href":"https:\/\/api.w.org\/{rel}","templated":true}]}}