{"id":6408,"date":"2025-12-17T07:55:47","date_gmt":"2025-12-17T10:55:47","guid":{"rendered":"https:\/\/diarioelfederaense.com.ar\/?p=6408"},"modified":"2025-12-17T07:55:48","modified_gmt":"2025-12-17T10:55:48","slug":"la-departamental-de-policia-de-federacion-tendra-nuevo-jefe-sera-el-comisario-inspector-luis-cristian-valdez-puente","status":"publish","type":"post","link":"https:\/\/diarioelfederaense.com.ar\/?p=6408","title":{"rendered":"LA DEPARTAMENTAL DE POLIC\u00cdA DE FEDERACI\u00d3N TENDR\u00c1 NUEVO JEFE: SER\u00c1 EL COMISARIO INSPECTOR LUIS CRISTIAN VALDEZ PUENTE"},"content":{"rendered":"\n<p><a><\/a>Cambios en jefaturas y direcciones de la Polic\u00eda de Entre R\u00edos: qui\u00e9nes ocupar\u00e1n los cargos<\/p>\n\n\n\n<p>El Gobierno provincial dispuso una reestructuraci\u00f3n en la Polic\u00eda de Entre R\u00edos que incluy\u00f3 relevos y designaciones en la c\u00fapula de la fuerza y modificaciones en la Jefatura Departamental Paran\u00e1. Los cambios rigen desde hoy y fueron justificados por razones de servicio.<\/p>\n\n\n\n<p>El Poder Ejecutivo provincial dispuso una amplia reestructuraci\u00f3n en la Polic\u00eda de Entre R\u00edos, que incluy\u00f3 el relevo y la designaci\u00f3n de numerosos oficiales jefes superiores en distintas \u00e1reas estrat\u00e9gicas de la fuerza. Las modificaciones comenzaron a regir desde hoy y fueron formalizadas a trav\u00e9s de un decreto refrendado por el Ministerio de Seguridad y Justicia<\/p>\n\n\n\n<p>Seg\u00fan se indic\u00f3 en los considerandos de la medida, los cambios respondieron a \u201cestrictas razones de servicio\u201d y tuvieron como objetivo optimizar el funcionamiento de la instituci\u00f3n policial en beneficio de la comunidad. La iniciativa fue promovida por la Jefatura de Polic\u00eda y se encuadr\u00f3 en lo establecido por la Ley N\u00b0 5.654 y el Reglamento General de Polic\u00eda.<\/p>\n\n\n\n<p>Polic\u00eda de Entre R\u00edos<\/p>\n\n\n\n<p>Entre los principales relevos se dispuso el cese en funciones de los responsables de direcciones generales clave, como Prevenci\u00f3n de Delitos Rurales, Operaciones y Seguridad P\u00fablica, Drogas Peligrosas, Asuntos Internos y Ayudant\u00eda, Planeamiento y Desarrollo Estrat\u00e9gico. Tambi\u00e9n alcanz\u00f3 a subdirecciones generales y a numerosas jefaturas y subjefaturas departamentales de distintos puntos de la provincia.<\/p>\n\n\n\n<p>Las nuevas designaciones en la Polic\u00eda de Entre R\u00edos<\/p>\n\n\n\n<p>Direcciones Generales<\/p>\n\n\n\n<p>\u00b7 Prevenci\u00f3n de Delitos Rurales: Comisario Mayor Cristian Andr\u00e9s Allegrini<\/p>\n\n\n\n<p>\u00b7 Departamentales del Uruguay: Comisario Mayor Jorge Alberto Moreyra<\/p>\n\n\n\n<p>\u00b7Asuntos Internos: Comisario Mayor Pedro Alfredo Silva<\/p>\n\n\n\n<p>\u00b7Operaciones y Seguridad P\u00fablica: Comisario Mayor Diego Mart\u00edn Cabello del Campo<\/p>\n\n\n\n<p>\u00b7 Drogas Peligrosas: Comisario Mayor Claudio Benito Passadore<\/p>\n\n\n\n<p>\u00b7Ayudant\u00eda, Planeamiento y Desarrollo Estrat\u00e9gico: Comisario Mayor Fabiola Andrea Butala Farber<\/p>\n\n\n\n<p>Subdirecciones Generales<\/p>\n\n\n\n<p>\u00b7<\/p>\n\n\n\n<p>Subdirecci\u00f3n Gral. de Ayudant\u00eda, Planeamiento y Desarrollo Estrat\u00e9gico: Comisario Inspector Mariano Andr\u00e9s Vecchio<\/p>\n\n\n\n<p>Subdirecci\u00f3n Gral. Departamentales del Paran\u00e1: Comisario Mayor Jos\u00e9 Mar\u00eda P\u00e9rez<\/p>\n\n\n\n<p>Subdirecci\u00f3n Gral. de Drogas Peligrosas: Comisario Inspector Pablo Gast\u00f3n Preisz Casas<\/p>\n\n\n\n<p>Subdirecci\u00f3n Gral. de Operaciones y Seguridad P\u00fablica: Comisario Mayor Mart\u00edn Ram\u00f3n Tello<\/p>\n\n\n\n<p>Subdirecci\u00f3n Gral. de Asuntos Internos: Comisario Inspector Sonia Mariela Capellino<\/p>\n\n\n\n<p>Subdirecci\u00f3n Gral. de Administraci\u00f3n y Log\u00edstica: Comisario Inspector Miguel Eduardo Retegui<\/p>\n\n\n\n<p>Subdirecci\u00f3n Gral. Departamentales del Uruguay: Comisario Mayor Luis Alberto B\u00e1ez<\/p>\n\n\n\n<p>Subdirecci\u00f3n Gral. de Institutos Policiales: Comisario Inspector Mar\u00eda del Rosario Cornejo<\/p>\n\n\n\n<p>Subdirecci\u00f3n Gral. de Polic\u00eda Cient\u00edfica: Comisario Inspector Alberto Mart\u00edn Grinovero<\/p>\n\n\n\n<p>Subdirecci\u00f3n Gral. de Prevenci\u00f3n de Delitos Rurales: Comisario Inspector Horacio Ra\u00fal Ludi<\/p>\n\n\n\n<p>Jefaturas Departamentales<\/p>\n\n\n\n<p>\u00b7<\/p>\n\n\n\n<p>Islas: Comisario Inspector H\u00e9ctor Esteban Riquelme<\/p>\n\n\n\n<p>Feliciano: Comisario Mayor Romualdo Javier Ram\u00edrez<\/p>\n\n\n\n<p>Tala: Comisario Inspector Lucio Mart\u00edn Cepeda<\/p>\n\n\n\n<p>Federal: Comisario Inspector Daniel Marcelo Della Giustina<\/p>\n\n\n\n<p>La Paz: Comisario Mayor Carlos Ariel Schmunk<\/p>\n\n\n\n<p>Gualeguaych\u00fa: Comisario Inspector Ramiro Urroz Denaday<\/p>\n\n\n\n<p>Victoria: Comisario Inspector Roberto Carlos Jes\u00fas Donda<\/p>\n\n\n\n<p>Paran\u00e1: Comisario Inspector Hern\u00e1n Walter G\u00f3ngora<\/p>\n\n\n\n<p>Col\u00f3n: Comisario Inspector H\u00e9ctor Leonardo Mart\u00ednez<\/p>\n\n\n\n<p>Federaci\u00f3n: Comisario Inspector Luis Cristian Valdez Puente<\/p>\n\n\n\n<p>Subjefaturas Departamentales<\/p>\n\n\n\n<p>\u00b7<\/p>\n\n\n\n<p>Federaci\u00f3n: Comisario Inspector Marcos Misael Pereyra<\/p>\n\n\n\n<p>Federal: Comisario Inspector Jos\u00e9 Luis Luna<\/p>\n\n\n\n<p>Gualeguaych\u00fa: Comisario Inspector Mauricio Oscar Asler<\/p>\n\n\n\n<p>Feliciano: Comisario Inspector Diego Gustavo Wasinger<\/p>\n\n\n\n<p>Victoria: Comisario Inspector Ricardo Daniel R\u00edos<\/p>\n\n\n\n<p>Gualeguay: Comisario Inspector Mauricio Ariel Ferreyra<\/p>\n\n\n\n<p>Paran\u00e1: Comisario Inspector Juan Pablo Claucich<\/p>\n\n\n\n<p>Col\u00f3n: Comisario Inspector Juan Mart\u00edn Furlong<\/p>\n\n\n\n<p>San Salvador: Comisario Inspector Dar\u00edo Mart\u00edn Schwindt<\/p>\n","protected":false},"excerpt":{"rendered":"<p>Cambios en jefaturas y direcciones de la Polic\u00eda de Entre R\u00edos: qui\u00e9nes ocupar\u00e1n los cargos El Gobierno provincial dispuso una reestructuraci\u00f3n en la Polic\u00eda de Entre R\u00edos que incluy\u00f3 relevos y designaciones en la c\u00fapula de la fuerza y modificaciones en la Jefatura Departamental Paran\u00e1. Los cambios rigen desde hoy y fueron justificados por razones [&hellip;]<\/p>\n","protected":false},"author":2,"featured_media":6409,"comment_status":"closed","ping_status":"closed","sticky":false,"template":"","format":"standard","meta":{"_et_pb_use_builder":"","_et_pb_old_content":"","footnotes":""},"categories":[1],"tags":[],"class_list":["post-6408","post","type-post","status-publish","format-standard","has-post-thumbnail","hentry","category-sin-categoria"],"_links":{"self":[{"href":"https:\/\/diarioelfederaense.com.ar\/index.php?rest_route=\/wp\/v2\/posts\/6408"}],"collection":[{"href":"https:\/\/diarioelfederaense.com.ar\/index.php?rest_route=\/wp\/v2\/posts"}],"about":[{"href":"https:\/\/diarioelfederaense.com.ar\/index.php?rest_route=\/wp\/v2\/types\/post"}],"author":[{"embeddable":true,"href":"https:\/\/diarioelfederaense.com.ar\/index.php?rest_route=\/wp\/v2\/users\/2"}],"replies":[{"embeddable":true,"href":"https:\/\/diarioelfederaense.com.ar\/index.php?rest_route=%2Fwp%2Fv2%2Fcomments&post=6408"}],"version-history":[{"count":1,"href":"https:\/\/diarioelfederaense.com.ar\/index.php?rest_route=\/wp\/v2\/posts\/6408\/revisions"}],"predecessor-version":[{"id":6410,"href":"https:\/\/diarioelfederaense.com.ar\/index.php?rest_route=\/wp\/v2\/posts\/6408\/revisions\/6410"}],"wp:featuredmedia":[{"embeddable":true,"href":"https:\/\/diarioelfederaense.com.ar\/index.php?rest_route=\/wp\/v2\/media\/6409"}],"wp:attachment":[{"href":"https:\/\/diarioelfederaense.com.ar\/index.php?rest_route=%2Fwp%2Fv2%2Fmedia&parent=6408"}],"wp:term":[{"taxonomy":"category","embeddable":true,"href":"https:\/\/diarioelfederaense.com.ar\/index.php?rest_route=%2Fwp%2Fv2%2Fcategories&post=6408"},{"taxonomy":"post_tag","embeddable":true,"href":"https:\/\/diarioelfederaense.com.ar\/index.php?rest_route=%2Fwp%2Fv2%2Ftags&post=6408"}],"curies":[{"name":"wp","href":"https:\/\/api.w.org\/{rel}","templated":true}]}}