{"id":6405,"date":"2025-12-17T07:28:28","date_gmt":"2025-12-17T10:28:28","guid":{"rendered":"https:\/\/diarioelfederaense.com.ar\/?p=6405"},"modified":"2025-12-17T07:28:29","modified_gmt":"2025-12-17T10:28:29","slug":"la-temporada-turistica-2025-2026-se-puso-en-marcha-en-santa-ana","status":"publish","type":"post","link":"https:\/\/diarioelfederaense.com.ar\/?p=6405","title":{"rendered":"La temporada tur\u00edstica 2025-2026 se puso en marcha en Santa Ana"},"content":{"rendered":"\n<p>En las instalaciones del Camping Municipal de Santa Ana, en la noche del lunes se inaugur\u00f3 oficialmente la temporada tur\u00edstica de verano 2025 \u2013 2026.<\/p>\n\n\n\n<p>Estuvieron presentes funcionarios municipales, medios de comunicaci\u00f3n, las soberanas representantes de la edici\u00f3n 2025, entre otros.<\/p>\n\n\n\n<p>Una temporada que llega con algunos ingredientes diferentes a a\u00f1os anteriores. Con las playas que ofrecen belleza natural y el reacondicionamiento de los espacios para recibir a los turistas, el presente tambi\u00e9n viene de la mano del agua termal y la construcci\u00f3n de una pileta en el predio donde se levantar\u00e1 el complejo.<\/p>\n\n\n\n<figure class=\"wp-block-image\"><img decoding=\"async\" src=\"https:\/\/chajarialdia.com.ar\/wp-content\/uploads\/2025\/12\/WhatsApp-Image-2025-12-16-at-06.34.00-1170x694.jpeg\" alt=\"\" class=\"wp-image-305020\"\/><\/figure>\n\n\n\n<p>En ese sentido, el intendente Rogelio Zanandrea, quien aprovech\u00f3 la inauguraci\u00f3n de la temporada para hacer un balance de gesti\u00f3n, destac\u00f3 que el proyecto m\u00e1s ambicioso para el 2026 est\u00e1, precisamente, en la construcci\u00f3n del complejo. \u201cEl objetivo m\u00e1s ambicioso es el complejo termal. Sabemos que no vamos a demorar mucho en iniciar al menos con recursos propios y otros que podamos conseguir. No hemos tomado cr\u00e9dito y no est\u00e1 mal hacerlo cuando es para crecer, de forma responsable, con tasas accesibles\u201d, manifest\u00f3 en di\u00e1logo con RADIO CHAJARI.<\/p>\n\n\n\n<p>\u201cLo pr\u00f3ximo se har\u00e1 en base al proyecto que est\u00e9 aprobado\u201d, dijo sobre las obras que formar\u00e1n parte del dise\u00f1o definitivo del complejo que surgir\u00e1 del concurso en proceso.<\/p>\n\n\n\n<figure class=\"wp-block-image\"><img decoding=\"async\" src=\"https:\/\/chajarialdia.com.ar\/wp-content\/uploads\/2025\/12\/WhatsApp-Image-2025-12-16-at-06.34.01.jpeg\" alt=\"\" class=\"wp-image-305017\"\/><figcaption class=\"wp-element-caption\">Delfina Denis Dell Orto (Mocoret\u00e1)&nbsp;Florcita 2025<\/figcaption><\/figure>\n\n\n\n<p>Por su parte, el director de Turismo, Luis Vago, hizo menci\u00f3n a la 11\u00b0 Fiesta Nacional de la Sand\u00eda que tendr\u00e1 lugar el 17, 18 y 19 de enero y a las expectativas generadas en torno a la cartelera lograda para la presente edici\u00f3n que tendr\u00e1, entre otros, a Los Nocheros y Lucas Sugo. El viernes ser\u00e1 de entrada libre y gratuita mientras que el s\u00e1bado y domingo la entrada tendr\u00e1 el valor de 10 mil pesos para mayores de 12 a\u00f1os y 5 mil pesos para los chicos de entre 5 y 11a\u00f1os.<\/p>\n\n\n\n<p>Adem\u00e1s, hizo hincapi\u00e9 en el inter\u00e9s que despert\u00f3 el festival Pre Sand\u00eda, que se realizar\u00e1 una semana antes y para el cual hay inter\u00e9s, incluso, de artistas de otros puntos del pa\u00eds.<\/p>\n","protected":false},"excerpt":{"rendered":"<p>En las instalaciones del Camping Municipal de Santa Ana, en la noche del lunes se inaugur\u00f3 oficialmente la temporada tur\u00edstica de verano 2025 \u2013 2026. Estuvieron presentes funcionarios municipales, medios de comunicaci\u00f3n, las soberanas representantes de la edici\u00f3n 2025, entre otros. Una temporada que llega con algunos ingredientes diferentes a a\u00f1os anteriores. Con las playas [&hellip;]<\/p>\n","protected":false},"author":2,"featured_media":6406,"comment_status":"closed","ping_status":"closed","sticky":false,"template":"","format":"standard","meta":{"_et_pb_use_builder":"","_et_pb_old_content":"","footnotes":""},"categories":[1],"tags":[],"class_list":["post-6405","post","type-post","status-publish","format-standard","has-post-thumbnail","hentry","category-sin-categoria"],"_links":{"self":[{"href":"https:\/\/diarioelfederaense.com.ar\/index.php?rest_route=\/wp\/v2\/posts\/6405"}],"collection":[{"href":"https:\/\/diarioelfederaense.com.ar\/index.php?rest_route=\/wp\/v2\/posts"}],"about":[{"href":"https:\/\/diarioelfederaense.com.ar\/index.php?rest_route=\/wp\/v2\/types\/post"}],"author":[{"embeddable":true,"href":"https:\/\/diarioelfederaense.com.ar\/index.php?rest_route=\/wp\/v2\/users\/2"}],"replies":[{"embeddable":true,"href":"https:\/\/diarioelfederaense.com.ar\/index.php?rest_route=%2Fwp%2Fv2%2Fcomments&post=6405"}],"version-history":[{"count":1,"href":"https:\/\/diarioelfederaense.com.ar\/index.php?rest_route=\/wp\/v2\/posts\/6405\/revisions"}],"predecessor-version":[{"id":6407,"href":"https:\/\/diarioelfederaense.com.ar\/index.php?rest_route=\/wp\/v2\/posts\/6405\/revisions\/6407"}],"wp:featuredmedia":[{"embeddable":true,"href":"https:\/\/diarioelfederaense.com.ar\/index.php?rest_route=\/wp\/v2\/media\/6406"}],"wp:attachment":[{"href":"https:\/\/diarioelfederaense.com.ar\/index.php?rest_route=%2Fwp%2Fv2%2Fmedia&parent=6405"}],"wp:term":[{"taxonomy":"category","embeddable":true,"href":"https:\/\/diarioelfederaense.com.ar\/index.php?rest_route=%2Fwp%2Fv2%2Fcategories&post=6405"},{"taxonomy":"post_tag","embeddable":true,"href":"https:\/\/diarioelfederaense.com.ar\/index.php?rest_route=%2Fwp%2Fv2%2Ftags&post=6405"}],"curies":[{"name":"wp","href":"https:\/\/api.w.org\/{rel}","templated":true}]}}