{"id":6402,"date":"2025-12-16T23:34:43","date_gmt":"2025-12-17T02:34:43","guid":{"rendered":"https:\/\/diarioelfederaense.com.ar\/?p=6402"},"modified":"2025-12-16T23:34:44","modified_gmt":"2025-12-17T02:34:44","slug":"al-horno-con-fritas-funcionarios-provinciales-fueron-citados-a-indagatoria-por-un-presunto-desfalco-millonario","status":"publish","type":"post","link":"https:\/\/diarioelfederaense.com.ar\/?p=6402","title":{"rendered":"AL HORNO CON FRITAS&#8230; Funcionarios provinciales fueron citados a indagatoria por un presunto desfalco millonario"},"content":{"rendered":"\n<p><a><\/a>Es por una causa de supuestos sobreprecios de m\u00e1s de US$20 millones en el dragado del r\u00edo Uruguay. El caso se reactiv\u00f3 en la Justicia federal por disposici\u00f3n del juez Viri.<\/p>\n\n\n\n<p>La investigaci\u00f3n judicial por presuntas irregularidades en el dragado del r\u00edo Uruguay volvi\u00f3 a tomar impulso en el Juzgado Federal de Primera Instancia N\u00ba 1 de Concepci\u00f3n del Uruguay. Entre los convocados hay ex funcionarios que hoy ocupan cargos clave en Entre R\u00edos.<\/p>\n\n\n\n<p>El caso<\/p>\n\n\n\n<p>Por disposici\u00f3n del juez federal subrogante Hern\u00e1n Viri, fueron citados a declaraci\u00f3n indagatoria exintegrantes de la Delegaci\u00f3n Argentina ante la Comisi\u00f3n Administradora del R\u00edo Uruguay (CARU) y directivos de la empresa Jan de Nul, concesionaria hist\u00f3rica de las obras.<\/p>\n\n\n\n<p>La causa se origin\u00f3 en una denuncia presentada en julio de 2019, en la que se advierte sobre la existencia de contratos con presuntos sobreprecios que habr\u00edan generado un perjuicio econ\u00f3mico superior a los 20 millones de d\u00f3lares. Los hechos investigados corresponden al per\u00edodo comprendido entre 2015 y 2019, durante el gobierno de Mauricio Macri.<\/p>\n\n\n\n<p>Entre los imputados figuran tres exdelegados oriundos de Concepci\u00f3n del Uruguay: Juan Enrique Ruiz Orrico, Mauro H\u00e9ctor Vaz\u00f3n y Jorge Diego Satto. Los tres integraron la CARU en el lapso bajo an\u00e1lisis. Tambi\u00e9n fue citado Pieter Jan de Nul, propietario y representante legal de la firma Jan de Nul, se\u00f1alada como beneficiaria de las adjudicaciones cuestionadas.<\/p>\n\n\n\n<p>Seg\u00fan se inform\u00f3, el expediente adquiere especial relevancia institucional debido a la situaci\u00f3n actual de dos de los exfuncionarios convocados. Vaz\u00f3n se desempe\u00f1a hoy como presidente del Consejo de la Magistratura de Entre R\u00edos, mientras que Satto ocupa el cargo de secretario de Turismo de la provincia. Ambos fueron designados por el gobernador Rogelio Frigerio y ejercen funciones de alto peso pol\u00edtico e institucional.<\/p>\n\n\n\n<p>En el caso de Ruiz Orrico, adem\u00e1s de su rol anterior en la CARU, enfrenta otra causa judicial: est\u00e1 imputado por la muerte de cuatro j\u00f3venes en un accidente vial, con un juicio oral previsto entre el 18 y el 27 de febrero de 2026.<\/p>\n\n\n\n<p>Denuncia<\/p>\n\n\n\n<p>Seg\u00fan consta en la denuncia, las obras de dragado se habr\u00edan ejecutado con valores superiores a los de mercado, comprometiendo tanto a la empresa contratista como a los funcionarios encargados del control y la administraci\u00f3n del organismo binacional.<\/p>\n\n\n\n<p>Las audiencias de indagatoria fueron fijadas, en algunos casos, de manera remota mediante el sistema Google Meet. Asimismo, el juzgado dispuso la intervenci\u00f3n de la Gendarmer\u00eda Nacional para realizar las notificaciones personales, verificar domicilios y acreditar la identidad de los imputados.<\/p>\n\n\n\n<p>A m\u00e1s de cinco a\u00f1os del inicio del expediente, la reactivaci\u00f3n de la causa vuelve a colocar el caso en el centro de la escena p\u00fablica, no solo por el volumen del presunto perjuicio econ\u00f3mico, sino tambi\u00e9n porque involucra a dirigentes que actualmente ocupan posiciones estrat\u00e9gicas dentro del Estado provincial.<\/p>\n\n\n\n<p>Fuente: Informe Digital.<\/p>\n","protected":false},"excerpt":{"rendered":"<p>Es por una causa de supuestos sobreprecios de m\u00e1s de US$20 millones en el dragado del r\u00edo Uruguay. El caso se reactiv\u00f3 en la Justicia federal por disposici\u00f3n del juez Viri. La investigaci\u00f3n judicial por presuntas irregularidades en el dragado del r\u00edo Uruguay volvi\u00f3 a tomar impulso en el Juzgado Federal de Primera Instancia N\u00ba [&hellip;]<\/p>\n","protected":false},"author":2,"featured_media":6403,"comment_status":"closed","ping_status":"closed","sticky":false,"template":"","format":"standard","meta":{"_et_pb_use_builder":"","_et_pb_old_content":"","footnotes":""},"categories":[1],"tags":[],"class_list":["post-6402","post","type-post","status-publish","format-standard","has-post-thumbnail","hentry","category-sin-categoria"],"_links":{"self":[{"href":"https:\/\/diarioelfederaense.com.ar\/index.php?rest_route=\/wp\/v2\/posts\/6402"}],"collection":[{"href":"https:\/\/diarioelfederaense.com.ar\/index.php?rest_route=\/wp\/v2\/posts"}],"about":[{"href":"https:\/\/diarioelfederaense.com.ar\/index.php?rest_route=\/wp\/v2\/types\/post"}],"author":[{"embeddable":true,"href":"https:\/\/diarioelfederaense.com.ar\/index.php?rest_route=\/wp\/v2\/users\/2"}],"replies":[{"embeddable":true,"href":"https:\/\/diarioelfederaense.com.ar\/index.php?rest_route=%2Fwp%2Fv2%2Fcomments&post=6402"}],"version-history":[{"count":1,"href":"https:\/\/diarioelfederaense.com.ar\/index.php?rest_route=\/wp\/v2\/posts\/6402\/revisions"}],"predecessor-version":[{"id":6404,"href":"https:\/\/diarioelfederaense.com.ar\/index.php?rest_route=\/wp\/v2\/posts\/6402\/revisions\/6404"}],"wp:featuredmedia":[{"embeddable":true,"href":"https:\/\/diarioelfederaense.com.ar\/index.php?rest_route=\/wp\/v2\/media\/6403"}],"wp:attachment":[{"href":"https:\/\/diarioelfederaense.com.ar\/index.php?rest_route=%2Fwp%2Fv2%2Fmedia&parent=6402"}],"wp:term":[{"taxonomy":"category","embeddable":true,"href":"https:\/\/diarioelfederaense.com.ar\/index.php?rest_route=%2Fwp%2Fv2%2Fcategories&post=6402"},{"taxonomy":"post_tag","embeddable":true,"href":"https:\/\/diarioelfederaense.com.ar\/index.php?rest_route=%2Fwp%2Fv2%2Ftags&post=6402"}],"curies":[{"name":"wp","href":"https:\/\/api.w.org\/{rel}","templated":true}]}}