{"id":6396,"date":"2025-12-16T23:27:24","date_gmt":"2025-12-17T02:27:24","guid":{"rendered":"https:\/\/diarioelfederaense.com.ar\/?p=6396"},"modified":"2025-12-16T23:27:26","modified_gmt":"2025-12-17T02:27:26","slug":"interceptaron-a-un-sujeto-que-intentaba-viajar-de-concordia-a-federacion-con-marihuana-y-cocaina","status":"publish","type":"post","link":"https:\/\/diarioelfederaense.com.ar\/?p=6396","title":{"rendered":"Interceptaron a un sujeto que intentaba viajar de Concordia a Federaci\u00f3n con marihuana y coca\u00edna"},"content":{"rendered":"\n<p>Un operativo policial realizado este martes permiti\u00f3 interceptar a un hombre que se dispon\u00eda a abordar un micro con destino a la ciudad de Federaci\u00f3n, transportando una importante cantidad de estupefacientes. El procedimiento tuvo lugar en inmediaciones de la Terminal de \u00d3mnibus de Concordia y culmin\u00f3 con el secuestro de marihuana, coca\u00edna y un tel\u00e9fono celular.<\/p>\n\n\n\n<p>Personal policial <a><\/a>observ\u00f3 previamente al sospechoso mientras circulaba en una camioneta por calle N\u00e9stor Garat, en la intersecci\u00f3n con La Rioja. En ese lugar, los efectivos advirtieron que un segundo masculino, a bordo de una motocicleta, se acerc\u00f3 al veh\u00edculo, detuvo su marcha y le entreg\u00f3 al conductor un paquete rectangular envuelto en pl\u00e1stico negro, lo que despert\u00f3 sospechas.<\/p>\n\n\n\n<p>Ante esta situaci\u00f3n, los uniformados iniciaron un seguimiento discreto que finaliz\u00f3 en la Terminal de \u00d3mnibus, donde el individuo aguardaba la salida de un colectivo para viajar a Federaci\u00f3n. All\u00ed se procedi\u00f3 a su demora y se dio intervenci\u00f3n a la Divisi\u00f3n Drogas Peligrosas.<\/p>\n\n\n\n<p>Al lugar acudi\u00f3 personal especializado junto al can detector de estupefacientes \u201cMali\u201d, que durante el procedimiento de detecci\u00f3n olfativa marc\u00f3 de manera positiva, lo que permiti\u00f3 presumir la presencia de sustancias prohibidas. En consecuencia, se solicit\u00f3 la correspondiente orden de requisa.<\/p>\n\n\n\n<p>Una vez autorizada y ejecutada la medida judicial, el procedimiento arroj\u00f3 resultado positivo: se secuestraron 377 gramos de marihuana, coca\u00edna y un tel\u00e9fono celular, elementos que quedaron a disposici\u00f3n de la Justicia.<\/p>\n\n\n\n<p>El hecho fue puesto en conocimiento del fiscal interviniente, doctor Figueroa, quien orden\u00f3 la aprehensi\u00f3n del masculino y la continuidad de las actuaciones judiciales para determinar su responsabilidad en la causa por infracci\u00f3n a la Ley de Estupefacientes.<\/p>\n","protected":false},"excerpt":{"rendered":"<p>Un operativo policial realizado este martes permiti\u00f3 interceptar a un hombre que se dispon\u00eda a abordar un micro con destino a la ciudad de Federaci\u00f3n, transportando una importante cantidad de estupefacientes. El procedimiento tuvo lugar en inmediaciones de la Terminal de \u00d3mnibus de Concordia y culmin\u00f3 con el secuestro de marihuana, coca\u00edna y un tel\u00e9fono [&hellip;]<\/p>\n","protected":false},"author":2,"featured_media":6397,"comment_status":"closed","ping_status":"closed","sticky":false,"template":"","format":"standard","meta":{"_et_pb_use_builder":"","_et_pb_old_content":"","footnotes":""},"categories":[1],"tags":[],"class_list":["post-6396","post","type-post","status-publish","format-standard","has-post-thumbnail","hentry","category-sin-categoria"],"_links":{"self":[{"href":"https:\/\/diarioelfederaense.com.ar\/index.php?rest_route=\/wp\/v2\/posts\/6396"}],"collection":[{"href":"https:\/\/diarioelfederaense.com.ar\/index.php?rest_route=\/wp\/v2\/posts"}],"about":[{"href":"https:\/\/diarioelfederaense.com.ar\/index.php?rest_route=\/wp\/v2\/types\/post"}],"author":[{"embeddable":true,"href":"https:\/\/diarioelfederaense.com.ar\/index.php?rest_route=\/wp\/v2\/users\/2"}],"replies":[{"embeddable":true,"href":"https:\/\/diarioelfederaense.com.ar\/index.php?rest_route=%2Fwp%2Fv2%2Fcomments&post=6396"}],"version-history":[{"count":1,"href":"https:\/\/diarioelfederaense.com.ar\/index.php?rest_route=\/wp\/v2\/posts\/6396\/revisions"}],"predecessor-version":[{"id":6398,"href":"https:\/\/diarioelfederaense.com.ar\/index.php?rest_route=\/wp\/v2\/posts\/6396\/revisions\/6398"}],"wp:featuredmedia":[{"embeddable":true,"href":"https:\/\/diarioelfederaense.com.ar\/index.php?rest_route=\/wp\/v2\/media\/6397"}],"wp:attachment":[{"href":"https:\/\/diarioelfederaense.com.ar\/index.php?rest_route=%2Fwp%2Fv2%2Fmedia&parent=6396"}],"wp:term":[{"taxonomy":"category","embeddable":true,"href":"https:\/\/diarioelfederaense.com.ar\/index.php?rest_route=%2Fwp%2Fv2%2Fcategories&post=6396"},{"taxonomy":"post_tag","embeddable":true,"href":"https:\/\/diarioelfederaense.com.ar\/index.php?rest_route=%2Fwp%2Fv2%2Ftags&post=6396"}],"curies":[{"name":"wp","href":"https:\/\/api.w.org\/{rel}","templated":true}]}}