{"id":6393,"date":"2025-12-16T15:03:38","date_gmt":"2025-12-16T18:03:38","guid":{"rendered":"https:\/\/diarioelfederaense.com.ar\/?p=6393"},"modified":"2025-12-16T15:03:38","modified_gmt":"2025-12-16T18:03:38","slug":"federacion-participo-de-la-mesa-de-trabajo-sobra-la-regularizacion-del-empleo-informal-en-las-producciones-frutihorticola","status":"publish","type":"post","link":"https:\/\/diarioelfederaense.com.ar\/?p=6393","title":{"rendered":"FEDERACI\u00d3N PARTICIP\u00d3 DE LA MESA DE TRABAJO SOBRA LA REGULARIZACI\u00d3N DEL EMPLEO INFORMAL EN LAS PRODUCCIONES FRUTIHORTICOLA"},"content":{"rendered":"\n<p><a><\/a>Participaron Legisladores Nacionales; Municipios de Entre R\u00edos y Corrientes; representantes del Ministerio de Desarrollo Econ\u00f3mico de la Provincia y de las cadenas productivas del citrus, ar\u00e1ndanos, nuez pec\u00e1n y vid.<\/p>\n\n\n\n<p>En la ma\u00f1ana del d\u00eda lunes se llev\u00f3 a cabo una reuni\u00f3n en el Centro de Convenciones de Concordia, la misma fue convocada por la Secretar\u00eda de Agricultura, Ganader\u00eda y Pesca de la Provincia, la Secretar\u00eda de Desarrollo Productivo de la Municipalidad de la Concordia, la Federaci\u00f3n del Citrus de Entre R\u00edos, la C\u00e1mara de Exportadores de Citrus del Noreste Argentino, el Cl\u00faster del Pec\u00e1n y la Asociaci\u00f3n de Vitivinicultores de Entre R\u00edos.<\/p>\n\n\n\n<p>El objetivo del encuentro fue crear una mesa de trabajo que tuvo como eje la regularizaci\u00f3n del empleo informal en las tareas de producci\u00f3n, cosecha y empaque de las actividades frut\u00edcolas, surgiendo la necesidad de revertir esta situaci\u00f3n que impacta negativamente tanto en las condiciones de los trabajadores como en las finanzas p\u00fablicas ya que genera competencia desleal con el sector formal y limita el crecimiento econ\u00f3mico y la productividad.<\/p>\n\n\n\n<p>El rol de los legisladores nacionales que representan a la provincia de Entre R\u00edos, que participaron de manera virtual, es fundamental ya que ser\u00e1n parte del futuro debate de la Reforma Laboral que propone el Gobierno Nacional.<\/p>\n\n\n\n<p>El Dr. Jorge Sosa, abogado y especialista en Derecho Empresarial y Laboral, qui\u00e9n fue el encargado de brindar una contextualizaci\u00f3n de la situaci\u00f3n del empleo, sus limitantes y propuestas para la regularizaci\u00f3n, remarc\u00f3 que \u201cesto es la verdadera articulaci\u00f3n entre el sector p\u00fablico y privado, donde el sector p\u00fablico ha escuchado cu\u00e1les son las problem\u00e1ticas que se presentan en las actividades frut\u00edcolas en general, referidas a la registraci\u00f3n de trabajadores de cosecha y empaque\u201d.<\/p>\n\n\n\n<p>El Director de Producci\u00f3n y Ambiente de la Municipalidad de Federaci\u00f3n, Daniel Ben\u00edtez se\u00f1ala \u201cEl objetivo es formalizar el empleo sin perder derechos laborales, mejorar la competitividad del sector y asegurar el acompa\u00f1amiento del estado frente al mayor costo de la mano de obra\u201d<\/p>\n\n\n\n<p>Adem\u00e1s de los legisladores nacionales, funcionarios municipales y representantes del Gobierno Provincial y de las cadenas frut\u00edcolas, participaron los Municipios de Federaci\u00f3n, La Criolla, Estancia Grande, Chajar\u00ed, Puerto Yeru\u00e1, Villa del Rosario, Colonia Ayu\u00ed, Santa Ana, Mocoret\u00e1 y Juan Pujol, entre otros.<\/p>\n","protected":false},"excerpt":{"rendered":"<p>Participaron Legisladores Nacionales; Municipios de Entre R\u00edos y Corrientes; representantes del Ministerio de Desarrollo Econ\u00f3mico de la Provincia y de las cadenas productivas del citrus, ar\u00e1ndanos, nuez pec\u00e1n y vid. En la ma\u00f1ana del d\u00eda lunes se llev\u00f3 a cabo una reuni\u00f3n en el Centro de Convenciones de Concordia, la misma fue convocada por la [&hellip;]<\/p>\n","protected":false},"author":2,"featured_media":6394,"comment_status":"closed","ping_status":"closed","sticky":false,"template":"","format":"standard","meta":{"_et_pb_use_builder":"","_et_pb_old_content":"","footnotes":""},"categories":[1],"tags":[],"class_list":["post-6393","post","type-post","status-publish","format-standard","has-post-thumbnail","hentry","category-sin-categoria"],"_links":{"self":[{"href":"https:\/\/diarioelfederaense.com.ar\/index.php?rest_route=\/wp\/v2\/posts\/6393"}],"collection":[{"href":"https:\/\/diarioelfederaense.com.ar\/index.php?rest_route=\/wp\/v2\/posts"}],"about":[{"href":"https:\/\/diarioelfederaense.com.ar\/index.php?rest_route=\/wp\/v2\/types\/post"}],"author":[{"embeddable":true,"href":"https:\/\/diarioelfederaense.com.ar\/index.php?rest_route=\/wp\/v2\/users\/2"}],"replies":[{"embeddable":true,"href":"https:\/\/diarioelfederaense.com.ar\/index.php?rest_route=%2Fwp%2Fv2%2Fcomments&post=6393"}],"version-history":[{"count":1,"href":"https:\/\/diarioelfederaense.com.ar\/index.php?rest_route=\/wp\/v2\/posts\/6393\/revisions"}],"predecessor-version":[{"id":6395,"href":"https:\/\/diarioelfederaense.com.ar\/index.php?rest_route=\/wp\/v2\/posts\/6393\/revisions\/6395"}],"wp:featuredmedia":[{"embeddable":true,"href":"https:\/\/diarioelfederaense.com.ar\/index.php?rest_route=\/wp\/v2\/media\/6394"}],"wp:attachment":[{"href":"https:\/\/diarioelfederaense.com.ar\/index.php?rest_route=%2Fwp%2Fv2%2Fmedia&parent=6393"}],"wp:term":[{"taxonomy":"category","embeddable":true,"href":"https:\/\/diarioelfederaense.com.ar\/index.php?rest_route=%2Fwp%2Fv2%2Fcategories&post=6393"},{"taxonomy":"post_tag","embeddable":true,"href":"https:\/\/diarioelfederaense.com.ar\/index.php?rest_route=%2Fwp%2Fv2%2Ftags&post=6393"}],"curies":[{"name":"wp","href":"https:\/\/api.w.org\/{rel}","templated":true}]}}