{"id":6390,"date":"2025-12-16T13:12:40","date_gmt":"2025-12-16T16:12:40","guid":{"rendered":"https:\/\/diarioelfederaense.com.ar\/?p=6390"},"modified":"2025-12-16T13:12:41","modified_gmt":"2025-12-16T16:12:41","slug":"importante-granizada-afecto-vinedos-en-la-criolla-del-departamento-concordia","status":"publish","type":"post","link":"https:\/\/diarioelfederaense.com.ar\/?p=6390","title":{"rendered":"IMPORTANTE GRANIZADA AFECT\u00d3 VI\u00d1EDOS EN LA CRIOLLA DEL DEPARTAMENTO CONCORDIA"},"content":{"rendered":"\n<p>En <a><\/a>la madrugada de este lunes, se registr\u00f3 una intensa ca\u00edda de granizo en el departamento Concordia que afect\u00f3 las localidades de La Criolla y Colonia Ayu\u00ed. La piedra provoc\u00f3 importantes da\u00f1os en plantaciones de c\u00edtricos y vi\u00f1edos de la zona.<\/p>\n\n\n\n<p>Edgardo Siandra, un productor citr\u00edcola de la localidad de La Criolla, departamento de Concordia, cont\u00f3 que el granizo rompi\u00f3 parte de la estructura del establecimiento. \u201cNos toc\u00f3 a nosotros\u201d, sentenci\u00f3. El impacto de la tormenta materializ\u00f3 el peor de los temores que ten\u00eda junto a su hermano Iv\u00e1n, con quien lleva adelante el invernadero, donde hasta ahora estuvieron exentos. La furia del clima abati\u00f3 la plantaci\u00f3n de vid y la estructura de los plantines de c\u00edtricos. Tambi\u00e9n alcanz\u00f3 otras econom\u00edas regionales.<\/p>\n","protected":false},"excerpt":{"rendered":"<p>En la madrugada de este lunes, se registr\u00f3 una intensa ca\u00edda de granizo en el departamento Concordia que afect\u00f3 las localidades de La Criolla y Colonia Ayu\u00ed. La piedra provoc\u00f3 importantes da\u00f1os en plantaciones de c\u00edtricos y vi\u00f1edos de la zona. Edgardo Siandra, un productor citr\u00edcola de la localidad de La Criolla, departamento de Concordia, [&hellip;]<\/p>\n","protected":false},"author":2,"featured_media":6391,"comment_status":"closed","ping_status":"closed","sticky":false,"template":"","format":"standard","meta":{"_et_pb_use_builder":"","_et_pb_old_content":"","footnotes":""},"categories":[1],"tags":[],"class_list":["post-6390","post","type-post","status-publish","format-standard","has-post-thumbnail","hentry","category-sin-categoria"],"_links":{"self":[{"href":"https:\/\/diarioelfederaense.com.ar\/index.php?rest_route=\/wp\/v2\/posts\/6390"}],"collection":[{"href":"https:\/\/diarioelfederaense.com.ar\/index.php?rest_route=\/wp\/v2\/posts"}],"about":[{"href":"https:\/\/diarioelfederaense.com.ar\/index.php?rest_route=\/wp\/v2\/types\/post"}],"author":[{"embeddable":true,"href":"https:\/\/diarioelfederaense.com.ar\/index.php?rest_route=\/wp\/v2\/users\/2"}],"replies":[{"embeddable":true,"href":"https:\/\/diarioelfederaense.com.ar\/index.php?rest_route=%2Fwp%2Fv2%2Fcomments&post=6390"}],"version-history":[{"count":1,"href":"https:\/\/diarioelfederaense.com.ar\/index.php?rest_route=\/wp\/v2\/posts\/6390\/revisions"}],"predecessor-version":[{"id":6392,"href":"https:\/\/diarioelfederaense.com.ar\/index.php?rest_route=\/wp\/v2\/posts\/6390\/revisions\/6392"}],"wp:featuredmedia":[{"embeddable":true,"href":"https:\/\/diarioelfederaense.com.ar\/index.php?rest_route=\/wp\/v2\/media\/6391"}],"wp:attachment":[{"href":"https:\/\/diarioelfederaense.com.ar\/index.php?rest_route=%2Fwp%2Fv2%2Fmedia&parent=6390"}],"wp:term":[{"taxonomy":"category","embeddable":true,"href":"https:\/\/diarioelfederaense.com.ar\/index.php?rest_route=%2Fwp%2Fv2%2Fcategories&post=6390"},{"taxonomy":"post_tag","embeddable":true,"href":"https:\/\/diarioelfederaense.com.ar\/index.php?rest_route=%2Fwp%2Fv2%2Ftags&post=6390"}],"curies":[{"name":"wp","href":"https:\/\/api.w.org\/{rel}","templated":true}]}}