{"id":6387,"date":"2025-12-16T11:50:46","date_gmt":"2025-12-16T14:50:46","guid":{"rendered":"https:\/\/diarioelfederaense.com.ar\/?p=6387"},"modified":"2025-12-16T11:50:47","modified_gmt":"2025-12-16T14:50:47","slug":"la-cgt-la-cta-y-distintas-organizaciones-sociales-marcharan-este-jueves-en-parana-en-rechazo-a-la-reforma-laboral","status":"publish","type":"post","link":"https:\/\/diarioelfederaense.com.ar\/?p=6387","title":{"rendered":"La CGT, la CTA y distintas organizaciones sociales marchar\u00e1n este jueves en Paran\u00e1 en rechazo a la reforma laboral"},"content":{"rendered":"\n<p><a><\/a>En la capital provincial se replicar\u00e1 la marcha nacional que tendr\u00e1 lugar este jueves 18 en rechazo de la reforma laboral que impulsa el Gobierno de Javier Milei. De la movilizaci\u00f3n participar\u00e1n la CGT, las CTA, centros de estudiantes, UTEP, organizaciones sociales y de docentes. Saldr\u00e1n a las 18 de la Plaza 1\u00ba de Mayo y se movilizar\u00e1n hasta la Casa Gris, donde se leer\u00e1 un documento.<\/p>\n\n\n\n<p>Representantes de la CGT Regional Paran\u00e1, las CTA, centros de estudiantes, la UTEP, personal docente y no docente, y distintos colectivos sociales se reunieron este martes y manifestaron su \u201cprofunda preocupaci\u00f3n frente al proyecto de Ley de Reforma Laboral impulsado por el Gobierno Nacional que avanza sobre derechos laborales hist\u00f3ricos conquistados por las trabajadoras y los trabajadores\u201d.<\/p>\n\n\n\n<p>\u201cDe manera un\u00e1nime y consensuada resolvimos unir fuerzas y avanzar en acciones conjuntas, convencidos de que solo la organizaci\u00f3n colectiva permitir\u00e1 enfrentar un proyecto que busca precarizar el empleo, debilitar la negociaci\u00f3n colectiva y limitar la libertad sindical\u201d, se\u00f1alaron en un comunicado enviado a esta Agencia.<\/p>\n\n\n\n<p>En este marco, resolvieron concentrarse este jueves 18 a las 18 en la Plaza 1\u00ba de Mayo y movilizarse hasta la Casa de Gobierno, donde se dar\u00e1 lectura a un documento \u00fanico, consensuado entre todas las organizaciones participantes.<\/p>\n\n\n\n<p>La consigna central es \u201cNo a la Reforma Laboral usurpadora de derechos\u201d y advirtieron que \u201clas pol\u00edticas del gobierno nacional profundizan el ajuste sobre el mundo del trabajo, los jubilados y los sectores m\u00e1s vulnerables, promoviendo un modelo que reduce derechos, fomenta la inestabilidad laboral y atenta contra la organizaci\u00f3n sindical\u201d.<\/p>\n\n\n\n<p>\u201cDesde la CGT Regional Paran\u00e1 reafirmamos nuestro compromiso con la unidad, la organizaci\u00f3n y la movilizaci\u00f3n, convencidos de que los derechos se defienden colectivamente y en la calle\u201d. (APFDigital)<\/p>\n","protected":false},"excerpt":{"rendered":"<p>En la capital provincial se replicar\u00e1 la marcha nacional que tendr\u00e1 lugar este jueves 18 en rechazo de la reforma laboral que impulsa el Gobierno de Javier Milei. De la movilizaci\u00f3n participar\u00e1n la CGT, las CTA, centros de estudiantes, UTEP, organizaciones sociales y de docentes. Saldr\u00e1n a las 18 de la Plaza 1\u00ba de Mayo [&hellip;]<\/p>\n","protected":false},"author":2,"featured_media":6388,"comment_status":"closed","ping_status":"closed","sticky":false,"template":"","format":"standard","meta":{"_et_pb_use_builder":"","_et_pb_old_content":"","footnotes":""},"categories":[1],"tags":[],"class_list":["post-6387","post","type-post","status-publish","format-standard","has-post-thumbnail","hentry","category-sin-categoria"],"_links":{"self":[{"href":"https:\/\/diarioelfederaense.com.ar\/index.php?rest_route=\/wp\/v2\/posts\/6387"}],"collection":[{"href":"https:\/\/diarioelfederaense.com.ar\/index.php?rest_route=\/wp\/v2\/posts"}],"about":[{"href":"https:\/\/diarioelfederaense.com.ar\/index.php?rest_route=\/wp\/v2\/types\/post"}],"author":[{"embeddable":true,"href":"https:\/\/diarioelfederaense.com.ar\/index.php?rest_route=\/wp\/v2\/users\/2"}],"replies":[{"embeddable":true,"href":"https:\/\/diarioelfederaense.com.ar\/index.php?rest_route=%2Fwp%2Fv2%2Fcomments&post=6387"}],"version-history":[{"count":1,"href":"https:\/\/diarioelfederaense.com.ar\/index.php?rest_route=\/wp\/v2\/posts\/6387\/revisions"}],"predecessor-version":[{"id":6389,"href":"https:\/\/diarioelfederaense.com.ar\/index.php?rest_route=\/wp\/v2\/posts\/6387\/revisions\/6389"}],"wp:featuredmedia":[{"embeddable":true,"href":"https:\/\/diarioelfederaense.com.ar\/index.php?rest_route=\/wp\/v2\/media\/6388"}],"wp:attachment":[{"href":"https:\/\/diarioelfederaense.com.ar\/index.php?rest_route=%2Fwp%2Fv2%2Fmedia&parent=6387"}],"wp:term":[{"taxonomy":"category","embeddable":true,"href":"https:\/\/diarioelfederaense.com.ar\/index.php?rest_route=%2Fwp%2Fv2%2Fcategories&post=6387"},{"taxonomy":"post_tag","embeddable":true,"href":"https:\/\/diarioelfederaense.com.ar\/index.php?rest_route=%2Fwp%2Fv2%2Ftags&post=6387"}],"curies":[{"name":"wp","href":"https:\/\/api.w.org\/{rel}","templated":true}]}}