{"id":6384,"date":"2025-12-16T09:04:39","date_gmt":"2025-12-16T12:04:39","guid":{"rendered":"https:\/\/diarioelfederaense.com.ar\/?p=6384"},"modified":"2025-12-16T09:04:40","modified_gmt":"2025-12-16T12:04:40","slug":"emilio-vago-destaco-la-importancia-del-dialogo-para-proyectar-el-futuro-de-federacion","status":"publish","type":"post","link":"https:\/\/diarioelfederaense.com.ar\/?p=6384","title":{"rendered":"Emilio Vago destac\u00f3 la importancia del dialogo para proyectar el futuro de Federaci\u00f3n."},"content":{"rendered":"\n<p><a><\/a>En el marco de una agenda de trabajo desarrollada en la ciudad de Paran\u00e1, Emilio Vago, referente pol\u00edtico de Federaci\u00f3n, mantuvo un encuentro con Manuel Aostri, funcionario del \u00e1rea de Municipios del Gobierno de Entre R\u00edos, donde analizaron el escenario pol\u00edtico actual y los principales desaf\u00edos que enfrentan los municipios entrerrianos.<\/p>\n\n\n\n<p>Durante la reuni\u00f3n, Vago destac\u00f3 la importancia de articular con los distintos niveles del Estado y de conocer experiencias de gesti\u00f3n que permitan pensar pol\u00edticas p\u00fablicas sostenibles y adaptadas a la realidad local. En ese sentido, subray\u00f3 que Federaci\u00f3n necesita planificaci\u00f3n, di\u00e1logo pol\u00edtico y una mirada estrat\u00e9gica de mediano y largo plazo.<\/p>\n\n\n\n<p>\u201cEl desaf\u00edo es construir acuerdos amplios que trasciendan los nombres y los tiempos electorales, poniendo siempre en el centro a los vecinos y vecinas de Federaci\u00f3n\u201d, se\u00f1al\u00f3.<\/p>\n\n\n\n<p>Consultado sobre definiciones electorales, Vago sostuvo que no hay decisiones pol\u00edticas cerradas, pero remarc\u00f3 que el momento actual requiere responsabilidad, madurez pol\u00edtica y capacidad de escucha para alcanzar los consensos necesarios.<\/p>\n\n\n\n<p>Finalmente, el dirigente expres\u00f3 que se est\u00e1 cerrando un a\u00f1o de intenso trabajo pol\u00edtico y territorial, y manifest\u00f3 su expectativa de que el 2026 encuentre a Federaci\u00f3n con una dirigencia comprometida, presente y trabajando en conjunto con la comunidad, con el objetivo principal de garantizar un mejor futuro para la ciudad.<\/p>\n","protected":false},"excerpt":{"rendered":"<p>En el marco de una agenda de trabajo desarrollada en la ciudad de Paran\u00e1, Emilio Vago, referente pol\u00edtico de Federaci\u00f3n, mantuvo un encuentro con Manuel Aostri, funcionario del \u00e1rea de Municipios del Gobierno de Entre R\u00edos, donde analizaron el escenario pol\u00edtico actual y los principales desaf\u00edos que enfrentan los municipios entrerrianos. Durante la reuni\u00f3n, Vago [&hellip;]<\/p>\n","protected":false},"author":2,"featured_media":6385,"comment_status":"closed","ping_status":"closed","sticky":false,"template":"","format":"standard","meta":{"_et_pb_use_builder":"","_et_pb_old_content":"","footnotes":""},"categories":[1],"tags":[],"class_list":["post-6384","post","type-post","status-publish","format-standard","has-post-thumbnail","hentry","category-sin-categoria"],"_links":{"self":[{"href":"https:\/\/diarioelfederaense.com.ar\/index.php?rest_route=\/wp\/v2\/posts\/6384"}],"collection":[{"href":"https:\/\/diarioelfederaense.com.ar\/index.php?rest_route=\/wp\/v2\/posts"}],"about":[{"href":"https:\/\/diarioelfederaense.com.ar\/index.php?rest_route=\/wp\/v2\/types\/post"}],"author":[{"embeddable":true,"href":"https:\/\/diarioelfederaense.com.ar\/index.php?rest_route=\/wp\/v2\/users\/2"}],"replies":[{"embeddable":true,"href":"https:\/\/diarioelfederaense.com.ar\/index.php?rest_route=%2Fwp%2Fv2%2Fcomments&post=6384"}],"version-history":[{"count":1,"href":"https:\/\/diarioelfederaense.com.ar\/index.php?rest_route=\/wp\/v2\/posts\/6384\/revisions"}],"predecessor-version":[{"id":6386,"href":"https:\/\/diarioelfederaense.com.ar\/index.php?rest_route=\/wp\/v2\/posts\/6384\/revisions\/6386"}],"wp:featuredmedia":[{"embeddable":true,"href":"https:\/\/diarioelfederaense.com.ar\/index.php?rest_route=\/wp\/v2\/media\/6385"}],"wp:attachment":[{"href":"https:\/\/diarioelfederaense.com.ar\/index.php?rest_route=%2Fwp%2Fv2%2Fmedia&parent=6384"}],"wp:term":[{"taxonomy":"category","embeddable":true,"href":"https:\/\/diarioelfederaense.com.ar\/index.php?rest_route=%2Fwp%2Fv2%2Fcategories&post=6384"},{"taxonomy":"post_tag","embeddable":true,"href":"https:\/\/diarioelfederaense.com.ar\/index.php?rest_route=%2Fwp%2Fv2%2Ftags&post=6384"}],"curies":[{"name":"wp","href":"https:\/\/api.w.org\/{rel}","templated":true}]}}