{"id":6377,"date":"2025-12-16T08:11:02","date_gmt":"2025-12-16T11:11:02","guid":{"rendered":"https:\/\/diarioelfederaense.com.ar\/?p=6377"},"modified":"2025-12-16T08:11:03","modified_gmt":"2025-12-16T11:11:03","slug":"asumio-el-nuevo-jefe-del-regimiento-de-chajari-teniente-coronel-martin-bilibio","status":"publish","type":"post","link":"https:\/\/diarioelfederaense.com.ar\/?p=6377","title":{"rendered":"Asumi\u00f3 el nuevo jefe del Regimiento de Chajar\u00ed teniente coronel Mart\u00edn Bilibio"},"content":{"rendered":"\n<p>En la tarde de este lunes, en la plaza de Armas del Regimiento de Caballer\u00eda de Tanques 7 \u201cCoraceros Coronel Ram\u00f3n Estomba\u201d de Chajar\u00ed, se realiz\u00f3 el acto de recambio de autoridades.<\/p>\n\n\n\n<figure class=\"wp-block-image\"><img decoding=\"async\" src=\"https:\/\/chajarialdia.com.ar\/wp-content\/uploads\/2025\/12\/WhatsApp-Image-2025-12-15-at-18.51.12-1170x694.jpeg\" alt=\"\" class=\"wp-image-304938\"\/><\/figure>\n\n\n\n<p>El encuentro protocolar cont\u00f3 con la presencia de superiores de la fuerza, autoridades municipales de la regi\u00f3n, referentes de instituciones intermedias e integrantes del Regimiento, adem\u00e1s de los familiares.<\/p>\n\n\n\n<figure class=\"wp-block-image\"><img decoding=\"async\" src=\"https:\/\/chajarialdia.com.ar\/wp-content\/uploads\/2025\/12\/WhatsApp-Image-2025-12-15-at-18.54.22-1170x694.jpeg\" alt=\"\" class=\"wp-image-304937\"\/><\/figure>\n\n\n\n<p>En la oportunidad, el teniente coronel de caballer\u00eda Mart\u00edn Bilibio se hizo cargo de la unidad militar. En tanto, su par el teniente coronel Alberto Jes\u00fas Camargo se despidi\u00f3 de la comunidad, destacando su agradecimiento por el acompa\u00f1amiento en estos dos a\u00f1os de gesti\u00f3n.<\/p>\n\n\n\n<figure class=\"wp-block-image\"><img decoding=\"async\" src=\"https:\/\/chajarialdia.com.ar\/wp-content\/uploads\/2025\/12\/WhatsApp-Image-2025-12-15-at-18.54.23-1170x694.jpeg\" alt=\"\" class=\"wp-image-304939\"\/><\/figure>\n\n\n\n<figure class=\"wp-block-image\"><img decoding=\"async\" src=\"https:\/\/chajarialdia.com.ar\/wp-content\/uploads\/2025\/12\/WhatsApp-Image-2025-12-15-at-18.54.24-1170x694.jpeg\" alt=\"\" class=\"wp-image-304940\"\/><\/figure>\n\n\n\n<figure class=\"wp-block-image\"><img decoding=\"async\" src=\"https:\/\/chajarialdia.com.ar\/wp-content\/uploads\/2025\/12\/598380059_908124365065001_3469178702001867721_n-1-1170x694.jpg\" alt=\"\" class=\"wp-image-304944\"\/><figcaption class=\"wp-element-caption\">El intendente Marcelo Borghesany la viceintendente Fabiola Fochesatto Brunini despidieron a Camargo y a su esposa.<\/figcaption><\/figure>\n","protected":false},"excerpt":{"rendered":"<p>En la tarde de este lunes, en la plaza de Armas del Regimiento de Caballer\u00eda de Tanques 7 \u201cCoraceros Coronel Ram\u00f3n Estomba\u201d de Chajar\u00ed, se realiz\u00f3 el acto de recambio de autoridades. El encuentro protocolar cont\u00f3 con la presencia de superiores de la fuerza, autoridades municipales de la regi\u00f3n, referentes de instituciones intermedias e integrantes [&hellip;]<\/p>\n","protected":false},"author":2,"featured_media":6378,"comment_status":"closed","ping_status":"closed","sticky":false,"template":"","format":"standard","meta":{"_et_pb_use_builder":"","_et_pb_old_content":"","footnotes":""},"categories":[1],"tags":[],"class_list":["post-6377","post","type-post","status-publish","format-standard","has-post-thumbnail","hentry","category-sin-categoria"],"_links":{"self":[{"href":"https:\/\/diarioelfederaense.com.ar\/index.php?rest_route=\/wp\/v2\/posts\/6377"}],"collection":[{"href":"https:\/\/diarioelfederaense.com.ar\/index.php?rest_route=\/wp\/v2\/posts"}],"about":[{"href":"https:\/\/diarioelfederaense.com.ar\/index.php?rest_route=\/wp\/v2\/types\/post"}],"author":[{"embeddable":true,"href":"https:\/\/diarioelfederaense.com.ar\/index.php?rest_route=\/wp\/v2\/users\/2"}],"replies":[{"embeddable":true,"href":"https:\/\/diarioelfederaense.com.ar\/index.php?rest_route=%2Fwp%2Fv2%2Fcomments&post=6377"}],"version-history":[{"count":1,"href":"https:\/\/diarioelfederaense.com.ar\/index.php?rest_route=\/wp\/v2\/posts\/6377\/revisions"}],"predecessor-version":[{"id":6379,"href":"https:\/\/diarioelfederaense.com.ar\/index.php?rest_route=\/wp\/v2\/posts\/6377\/revisions\/6379"}],"wp:featuredmedia":[{"embeddable":true,"href":"https:\/\/diarioelfederaense.com.ar\/index.php?rest_route=\/wp\/v2\/media\/6378"}],"wp:attachment":[{"href":"https:\/\/diarioelfederaense.com.ar\/index.php?rest_route=%2Fwp%2Fv2%2Fmedia&parent=6377"}],"wp:term":[{"taxonomy":"category","embeddable":true,"href":"https:\/\/diarioelfederaense.com.ar\/index.php?rest_route=%2Fwp%2Fv2%2Fcategories&post=6377"},{"taxonomy":"post_tag","embeddable":true,"href":"https:\/\/diarioelfederaense.com.ar\/index.php?rest_route=%2Fwp%2Fv2%2Ftags&post=6377"}],"curies":[{"name":"wp","href":"https:\/\/api.w.org\/{rel}","templated":true}]}}